{"id":5698,"date":"2019-12-26T20:16:55","date_gmt":"2019-12-26T19:16:55","guid":{"rendered":"https:\/\/arch-moser.it\/?p=5698"},"modified":"2020-01-04T11:53:19","modified_gmt":"2020-01-04T10:53:19","slug":"wunderbar","status":"publish","type":"post","link":"https:\/\/arch-moser.it\/it\/wunderbar\/","title":{"rendered":"WunderBAR"},"content":{"rendered":"<p><span style=\"font-size: 10pt; font-family: Tahoma, Arial, Helvetica, sans-serif;\">Recentemente si \u00e8 realizzato il tanto atteso desiderio della Comunit\u00e0 Comprensoriale della Vale Isarco di trasferire l&#8217;attuale la bottega dei servizi sociali dal cortile interno della residenza &#8220;Lachm\u00fcller&#8221; nei locali situati nell&#8217;angolo tra via Bastioni Maggiori e vicolo Porta Sabbiona.<br \/>\nIl concetto per il nuovo locale commerciale con il promettente nome &#8220;<span style=\"color: #c1d415;\"><strong>WunderBAR<\/strong><\/span>&#8221; comprende anche la relizzazione di un piccolo bar, in cui &#8211; parallelamente all&#8217;attivit\u00e0 commerciale &#8211; non vengono offerte bevande alcoliche, ma caff\u00e8, succhi di frutta fatti in casa, frullati, panini, toast, torte, ecc.<br \/>\nQuesti prodotti provengono in gran parte da strutture dei servizi sociali, come nel caso dei prodotti messi in vendita nella bottega.<\/span><\/p>\n<pre><a href=\"https:\/\/i0.wp.com\/arch-moser.it\/wp-content\/uploads\/2019\/12\/Grundriss_WERKSTATTLADEN_fuer_homepage-1.jpg?ssl=1\"><img data-recalc-dims=\"1\" fetchpriority=\"high\" decoding=\"async\" class=\"alignnone size-full wp-image-5884\" src=\"https:\/\/i0.wp.com\/arch-moser.it\/wp-content\/uploads\/2019\/12\/Grundriss_WERKSTATTLADEN_fuer_homepage-1.jpg?resize=500%2C545&#038;ssl=1\" alt=\"\" width=\"500\" height=\"545\" srcset=\"https:\/\/i0.wp.com\/arch-moser.it\/wp-content\/uploads\/2019\/12\/Grundriss_WERKSTATTLADEN_fuer_homepage-1.jpg?w=500&amp;ssl=1 500w, https:\/\/i0.wp.com\/arch-moser.it\/wp-content\/uploads\/2019\/12\/Grundriss_WERKSTATTLADEN_fuer_homepage-1.jpg?resize=275%2C300&amp;ssl=1 275w, https:\/\/i0.wp.com\/arch-moser.it\/wp-content\/uploads\/2019\/12\/Grundriss_WERKSTATTLADEN_fuer_homepage-1.jpg?resize=138%2C150&amp;ssl=1 138w\" sizes=\"(max-width: 500px) 100vw, 500px\" \/><\/a><\/pre>\n<p><span style=\"font-size: 10pt; font-family: Tahoma, Arial, Helvetica, sans-serif;\">Oltre alla manutenzione dello stato di fatto, in cui prevale in primo piano la conservazione delle strutture strutturali esistenti e la conservazione dell\u2019aspetto esterno dell\u2019edificio, si \u00e8 cercata una <span style=\"color: #cce014;\"><strong>modernizzazione degli interni in chiave contemporanea<\/strong><\/span>, sia dal punto di vista delle forme che dei materiali.<br \/>\nInvece di intervenire sugli elementi strutturali esistenti, si sono preferite misure additive (aggiunte) che non interferiscono con le parti storiche.<br \/>\nAd esempio, le volte a crociera esistenti sono state tenute libere da qualsiasi cavo di installazione, la nuova illuminazione \u00e8 stata progettata come illuminazione indiretta, integrata nei nuovi elementi di arredo.<br \/>\nInoltre \u00e8 stata rinnovata della stratigrafia del pavimento.<br \/>\nCi\u00f2 offriva il vantaggio che ci si potevano collocare i tubi necessari dell&#8217;acqua e delle fognature. Inoltre \u00e8 stato previsto un riscaldamento a pavimento.<\/span><\/p>\n<pre><a href=\"https:\/\/i0.wp.com\/arch-moser.it\/wp-content\/uploads\/2019\/12\/UNADJUSTEDNONRAW_thumb_452f.jpg?ssl=1\"><img data-recalc-dims=\"1\" decoding=\"async\" class=\"alignnone wp-image-5881\" src=\"https:\/\/i0.wp.com\/arch-moser.it\/wp-content\/uploads\/2019\/12\/UNADJUSTEDNONRAW_thumb_452f.jpg?resize=247%2C329&#038;ssl=1\" alt=\"\" width=\"247\" height=\"329\" srcset=\"https:\/\/i0.wp.com\/arch-moser.it\/wp-content\/uploads\/2019\/12\/UNADJUSTEDNONRAW_thumb_452f.jpg?w=500&amp;ssl=1 500w, https:\/\/i0.wp.com\/arch-moser.it\/wp-content\/uploads\/2019\/12\/UNADJUSTEDNONRAW_thumb_452f.jpg?resize=225%2C300&amp;ssl=1 225w, https:\/\/i0.wp.com\/arch-moser.it\/wp-content\/uploads\/2019\/12\/UNADJUSTEDNONRAW_thumb_452f.jpg?resize=113%2C150&amp;ssl=1 113w\" sizes=\"(max-width: 247px) 100vw, 247px\" \/>  <\/a><a href=\"https:\/\/i0.wp.com\/arch-moser.it\/wp-content\/uploads\/2019\/12\/UNADJUSTEDNONRAW_thumb_465b.jpg?ssl=1\"><img data-recalc-dims=\"1\" decoding=\"async\" class=\"alignnone wp-image-5880\" src=\"https:\/\/i0.wp.com\/arch-moser.it\/wp-content\/uploads\/2019\/12\/UNADJUSTEDNONRAW_thumb_465b.jpg?resize=440%2C330&#038;ssl=1\" alt=\"\" width=\"440\" height=\"330\" srcset=\"https:\/\/i0.wp.com\/arch-moser.it\/wp-content\/uploads\/2019\/12\/UNADJUSTEDNONRAW_thumb_465b.jpg?w=500&amp;ssl=1 500w, https:\/\/i0.wp.com\/arch-moser.it\/wp-content\/uploads\/2019\/12\/UNADJUSTEDNONRAW_thumb_465b.jpg?resize=300%2C225&amp;ssl=1 300w, https:\/\/i0.wp.com\/arch-moser.it\/wp-content\/uploads\/2019\/12\/UNADJUSTEDNONRAW_thumb_465b.jpg?resize=150%2C113&amp;ssl=1 150w\" sizes=\"(max-width: 440px) 100vw, 440px\" \/><\/a>\r\n\r\n<a href=\"https:\/\/i0.wp.com\/arch-moser.it\/wp-content\/uploads\/2019\/12\/IMG_0999.jpeg?ssl=1\"><img data-recalc-dims=\"1\" loading=\"lazy\" decoding=\"async\" class=\"alignnone wp-image-5906\" src=\"https:\/\/i0.wp.com\/arch-moser.it\/wp-content\/uploads\/2019\/12\/IMG_0999.jpeg?resize=513%2C683&#038;ssl=1\" alt=\"\" width=\"513\" height=\"683\" srcset=\"https:\/\/i0.wp.com\/arch-moser.it\/wp-content\/uploads\/2019\/12\/IMG_0999.jpeg?w=500&amp;ssl=1 500w, https:\/\/i0.wp.com\/arch-moser.it\/wp-content\/uploads\/2019\/12\/IMG_0999.jpeg?resize=225%2C300&amp;ssl=1 225w, https:\/\/i0.wp.com\/arch-moser.it\/wp-content\/uploads\/2019\/12\/IMG_0999.jpeg?resize=113%2C150&amp;ssl=1 113w\" sizes=\"(max-width: 513px) 100vw, 513px\" \/><\/a><\/pre>\n<p><span style=\"font-family: Tahoma, Arial, Helvetica, sans-serif; font-size: 10pt;\">Nel corso dei lavori di ristrutturazione le diverse quote di pavimento sono state adattate e collegate in modo tale che tutte le aree possano essere rese accessibili alle persone disabili e alle sedie a rotelle.<\/span><\/p>\n<p><span style=\"font-family: Tahoma, Arial, Helvetica, sans-serif; font-size: 10pt;\">I nuovi elementi di arredo sono costituiti in gran parte da scaffalature in acciaio di diverse dimensioni con ripiani, che possono essere spostate e posizionate liberamente nell&#8217;ambiente, offrendo cos\u00ec la <strong><span style=\"color: #d1de16;\">massima flessibilit\u00e0 e sempre nuove impressioni di spazio.<\/span><\/strong><br \/>\nLa zona centrale in cui \u00e8 prevista la cassa offre la migliore visuale sugli spazi interni.<\/span><\/p>\n<pre><a href=\"https:\/\/i0.wp.com\/arch-moser.it\/wp-content\/uploads\/2019\/12\/UNADJUSTEDNONRAW_thumb_3a5a.jpg?ssl=1\"><img data-recalc-dims=\"1\" loading=\"lazy\" decoding=\"async\" class=\"alignnone wp-image-5882\" src=\"https:\/\/i0.wp.com\/arch-moser.it\/wp-content\/uploads\/2019\/12\/UNADJUSTEDNONRAW_thumb_3a5a.jpg?resize=246%2C328&#038;ssl=1\" alt=\"\" width=\"246\" height=\"328\" srcset=\"https:\/\/i0.wp.com\/arch-moser.it\/wp-content\/uploads\/2019\/12\/UNADJUSTEDNONRAW_thumb_3a5a.jpg?w=500&amp;ssl=1 500w, https:\/\/i0.wp.com\/arch-moser.it\/wp-content\/uploads\/2019\/12\/UNADJUSTEDNONRAW_thumb_3a5a.jpg?resize=225%2C300&amp;ssl=1 225w, https:\/\/i0.wp.com\/arch-moser.it\/wp-content\/uploads\/2019\/12\/UNADJUSTEDNONRAW_thumb_3a5a.jpg?resize=113%2C150&amp;ssl=1 113w\" sizes=\"(max-width: 246px) 100vw, 246px\" \/> <\/a><a href=\"https:\/\/i0.wp.com\/arch-moser.it\/wp-content\/uploads\/2019\/12\/UNADJUSTEDNONRAW_thumb_3a58.jpg?ssl=1\">\u00a0<img data-recalc-dims=\"1\" loading=\"lazy\" decoding=\"async\" class=\"alignnone wp-image-5876\" src=\"https:\/\/i0.wp.com\/arch-moser.it\/wp-content\/uploads\/2019\/12\/UNADJUSTEDNONRAW_thumb_3a58.jpg?resize=245%2C326&#038;ssl=1\" alt=\"\" width=\"245\" height=\"326\" srcset=\"https:\/\/i0.wp.com\/arch-moser.it\/wp-content\/uploads\/2019\/12\/UNADJUSTEDNONRAW_thumb_3a58.jpg?w=500&amp;ssl=1 500w, https:\/\/i0.wp.com\/arch-moser.it\/wp-content\/uploads\/2019\/12\/UNADJUSTEDNONRAW_thumb_3a58.jpg?resize=225%2C300&amp;ssl=1 225w, https:\/\/i0.wp.com\/arch-moser.it\/wp-content\/uploads\/2019\/12\/UNADJUSTEDNONRAW_thumb_3a58.jpg?resize=113%2C150&amp;ssl=1 113w\" sizes=\"(max-width: 245px) 100vw, 245px\" \/><\/a><\/pre>\n<p><span style=\"font-family: Tahoma, Arial, Helvetica, sans-serif; font-size: 10pt;\">Per segnalare alla clientela che si tratta di un&#8217;istituzione sociale, alcune <strong><span style=\"color: #d1de16;\">pellicole con estratti di quadri e tratti di testo provenienti da clienti dei servizi sociali<\/span><\/strong>, sono stati incollati sui rivestimenti parete e sui banconi, realizzati in semplici pannelli bianchi.<br \/>\n<\/span><\/p>\n<pre><a href=\"https:\/\/i0.wp.com\/arch-moser.it\/wp-content\/uploads\/2019\/12\/UNADJUSTEDNONRAW_thumb_4674.jpg?ssl=1\"><img data-recalc-dims=\"1\" loading=\"lazy\" decoding=\"async\" class=\"alignnone wp-image-5883\" src=\"https:\/\/i0.wp.com\/arch-moser.it\/wp-content\/uploads\/2019\/12\/UNADJUSTEDNONRAW_thumb_4674.jpg?resize=263%2C350&#038;ssl=1\" alt=\"\" width=\"263\" height=\"350\" srcset=\"https:\/\/i0.wp.com\/arch-moser.it\/wp-content\/uploads\/2019\/12\/UNADJUSTEDNONRAW_thumb_4674.jpg?w=500&amp;ssl=1 500w, https:\/\/i0.wp.com\/arch-moser.it\/wp-content\/uploads\/2019\/12\/UNADJUSTEDNONRAW_thumb_4674.jpg?resize=225%2C300&amp;ssl=1 225w, https:\/\/i0.wp.com\/arch-moser.it\/wp-content\/uploads\/2019\/12\/UNADJUSTEDNONRAW_thumb_4674.jpg?resize=113%2C150&amp;ssl=1 113w\" sizes=\"(max-width: 263px) 100vw, 263px\" \/><\/a><a href=\"https:\/\/i0.wp.com\/arch-moser.it\/wp-content\/uploads\/2019\/12\/UNADJUSTEDNONRAW_thumb_4679.jpg?ssl=1\">  <img data-recalc-dims=\"1\" loading=\"lazy\" decoding=\"async\" class=\"alignnone wp-image-5879\" src=\"https:\/\/i0.wp.com\/arch-moser.it\/wp-content\/uploads\/2019\/12\/UNADJUSTEDNONRAW_thumb_4679.jpg?resize=263%2C351&#038;ssl=1\" alt=\"\" width=\"263\" height=\"351\" srcset=\"https:\/\/i0.wp.com\/arch-moser.it\/wp-content\/uploads\/2019\/12\/UNADJUSTEDNONRAW_thumb_4679.jpg?w=500&amp;ssl=1 500w, https:\/\/i0.wp.com\/arch-moser.it\/wp-content\/uploads\/2019\/12\/UNADJUSTEDNONRAW_thumb_4679.jpg?resize=225%2C300&amp;ssl=1 225w, https:\/\/i0.wp.com\/arch-moser.it\/wp-content\/uploads\/2019\/12\/UNADJUSTEDNONRAW_thumb_4679.jpg?resize=113%2C150&amp;ssl=1 113w\" sizes=\"(max-width: 263px) 100vw, 263px\" \/><\/a><\/pre>\n<p><span style=\"font-family: Tahoma, Arial, Helvetica, sans-serif; font-size: 10pt;\">L&#8217;area del bar delimitata con un semplice bancone \u00e8 stata prevista verso vicolo Porta Sabiona e pu\u00f2 essere intravista anche da l\u00ec tramite la nuova porta-finestra apribile. Nell&#8217;area esterna che si affaccia su via Bastioni Maggiori sono previsti alcuni posti a sedere all&#8217;aperto.<\/span><\/p>\n<pre><a href=\"https:\/\/i0.wp.com\/arch-moser.it\/wp-content\/uploads\/2019\/12\/UNADJUSTEDNONRAW_thumb_4757.jpg?ssl=1\"><img data-recalc-dims=\"1\" loading=\"lazy\" decoding=\"async\" class=\"alignnone  wp-image-5931\" src=\"https:\/\/i0.wp.com\/arch-moser.it\/wp-content\/uploads\/2019\/12\/UNADJUSTEDNONRAW_thumb_4757.jpg?resize=260%2C346&#038;ssl=1\" alt=\"\" width=\"260\" height=\"346\" srcset=\"https:\/\/i0.wp.com\/arch-moser.it\/wp-content\/uploads\/2019\/12\/UNADJUSTEDNONRAW_thumb_4757.jpg?w=500&amp;ssl=1 500w, https:\/\/i0.wp.com\/arch-moser.it\/wp-content\/uploads\/2019\/12\/UNADJUSTEDNONRAW_thumb_4757.jpg?resize=225%2C300&amp;ssl=1 225w, https:\/\/i0.wp.com\/arch-moser.it\/wp-content\/uploads\/2019\/12\/UNADJUSTEDNONRAW_thumb_4757.jpg?resize=113%2C150&amp;ssl=1 113w\" sizes=\"(max-width: 260px) 100vw, 260px\" \/><\/a><a href=\"https:\/\/i0.wp.com\/arch-moser.it\/wp-content\/uploads\/2019\/12\/UNADJUSTEDNONRAW_thumb_4758.jpg?ssl=1\">  <img data-recalc-dims=\"1\" loading=\"lazy\" decoding=\"async\" class=\"alignnone  wp-image-5932\" src=\"https:\/\/i0.wp.com\/arch-moser.it\/wp-content\/uploads\/2019\/12\/UNADJUSTEDNONRAW_thumb_4758.jpg?resize=259%2C345&#038;ssl=1\" alt=\"\" width=\"259\" height=\"345\" srcset=\"https:\/\/i0.wp.com\/arch-moser.it\/wp-content\/uploads\/2019\/12\/UNADJUSTEDNONRAW_thumb_4758.jpg?w=500&amp;ssl=1 500w, https:\/\/i0.wp.com\/arch-moser.it\/wp-content\/uploads\/2019\/12\/UNADJUSTEDNONRAW_thumb_4758.jpg?resize=225%2C300&amp;ssl=1 225w, https:\/\/i0.wp.com\/arch-moser.it\/wp-content\/uploads\/2019\/12\/UNADJUSTEDNONRAW_thumb_4758.jpg?resize=113%2C150&amp;ssl=1 113w\" sizes=\"(max-width: 259px) 100vw, 259px\" \/><\/a><\/pre>\n","protected":false},"excerpt":{"rendered":"<p>Recentemente si \u00e8 realizzato il tanto atteso desiderio della Comunit\u00e0 Comprensoriale della Vale Isarco di trasferire l&#8217;attuale la bottega dei servizi sociali dal cortile interno della residenza &#8220;Lachm\u00fcller&#8221; nei locali situati nell&#8217;angolo tra via Bastioni Maggiori e vicolo Porta Sabbiona. Il concetto per il nuovo locale commerciale con il promettente nome &#8220;WunderBAR&#8221; comprende anche la [&hellip;]<\/p>\n","protected":false},"author":1,"featured_media":5637,"comment_status":"closed","ping_status":"closed","sticky":false,"template":"","format":"standard","meta":{"ngg_post_thumbnail":0,"_jetpack_memberships_contains_paid_content":false,"footnotes":""},"categories":[3,5],"tags":[],"class_list":["post-5698","post","type-post","status-publish","format-standard","has-post-thumbnail","hentry","category-eigene-projekte","category-interior-design"],"jetpack_featured_media_url":"https:\/\/i0.wp.com\/arch-moser.it\/wp-content\/uploads\/2019\/06\/IMG_1044-e1622442593531.jpeg?fit=400%2C533&ssl=1","jetpack_sharing_enabled":true,"_links":{"self":[{"href":"https:\/\/arch-moser.it\/it\/wp-json\/wp\/v2\/posts\/5698","targetHints":{"allow":["GET"]}}],"collection":[{"href":"https:\/\/arch-moser.it\/it\/wp-json\/wp\/v2\/posts"}],"about":[{"href":"https:\/\/arch-moser.it\/it\/wp-json\/wp\/v2\/types\/post"}],"author":[{"embeddable":true,"href":"https:\/\/arch-moser.it\/it\/wp-json\/wp\/v2\/users\/1"}],"replies":[{"embeddable":true,"href":"https:\/\/arch-moser.it\/it\/wp-json\/wp\/v2\/comments?post=5698"}],"version-history":[{"count":20,"href":"https:\/\/arch-moser.it\/it\/wp-json\/wp\/v2\/posts\/5698\/revisions"}],"predecessor-version":[{"id":5933,"href":"https:\/\/arch-moser.it\/it\/wp-json\/wp\/v2\/posts\/5698\/revisions\/5933"}],"wp:featuredmedia":[{"embeddable":true,"href":"https:\/\/arch-moser.it\/it\/wp-json\/wp\/v2\/media\/5637"}],"wp:attachment":[{"href":"https:\/\/arch-moser.it\/it\/wp-json\/wp\/v2\/media?parent=5698"}],"wp:term":[{"taxonomy":"category","embeddable":true,"href":"https:\/\/arch-moser.it\/it\/wp-json\/wp\/v2\/categories?post=5698"},{"taxonomy":"post_tag","embeddable":true,"href":"https:\/\/arch-moser.it\/it\/wp-json\/wp\/v2\/tags?post=5698"}],"curies":[{"name":"wp","href":"https:\/\/api.w.org\/{rel}","templated":true}]}}