{"id":3909,"date":"2016-05-08T10:55:09","date_gmt":"2016-05-08T08:55:09","guid":{"rendered":"https:\/\/arch-moser.it\/?p=3909"},"modified":"2016-05-12T12:50:04","modified_gmt":"2016-05-12T10:50:04","slug":"biomedizinisches-zentrum-in-bozen","status":"publish","type":"post","link":"https:\/\/arch-moser.it\/it\/biomedizinisches-zentrum-in-bozen\/","title":{"rendered":"Arztpraxis und Ayurveda Zentrum in Bozen"},"content":{"rendered":"<div id=\"zss_field_title\" class=\"field\" dir=\"ltr\">\n<p id=\"zss_field_title\" class=\"field\" dir=\"ltr\"><strong style=\"color: #d1eb0e; font-family: Tahoma, Arial, Helvetica, sans-serif; font-size: 10pt;\"><em>&#8220;Wann immer wir etwas bauen,<br \/>\n<\/em><\/strong><strong style=\"color: #d1eb0e; font-family: Tahoma, Arial, Helvetica, sans-serif; font-size: 10pt;\"><em>sind wir dem Wesen des Ortes verpflichtet,<br \/>\n<\/em><\/strong><strong style=\"color: #d1eb0e; font-family: Tahoma, Arial, Helvetica, sans-serif; font-size: 10pt;\"><em>sind dazu verpflichtet, etwas Wohltuendes hinzuzuf\u00fcgen.&#8221;<\/em><\/strong><\/p>\n<p><strong><span style=\"font-size: 10pt; font-family: Tahoma, Arial, Helvetica, sans-serif; color: #d1eb0e;\">(Christopher Day, Architekt)<\/span><\/strong><\/p>\n<\/div>\n<div id=\"zss_field_content\" class=\"field\" dir=\"ltr\">\n<p><span style=\"font-size: 10pt; font-family: Tahoma, Arial, Helvetica, sans-serif;\">Vielen ist bereits der neue Eingangsbereich unterhalb des Rundbogens gleich neben der Antoniusapotheke am Zw\u00f6lfmalgreiener Platz aufgefallen.\u00a0Die R\u00e4umlichkeiten , in denen einst der HIFI LEUKOSTORE zu finden war und die seit einigen Jahren leer gestanden hatten, beherbergen nun seit kurzer Zeit eine Gemeinschaftspraxis, welche neben den beiden bereits bestehenden Arztpraxen im Geb\u00e4ude eine weitere Bereicherung im unmittelbaren Enzugsbereich der Apotheke am Zw\u00f6lfmalgreiner Platz in Bozen darstellt.<\/span><\/p>\n<p><span style=\"color: #ff9900;\"><strong><span style=\"font-size: 10pt; font-family: Tahoma,Arial,Helvetica,sans-serif;\">Ziel dieser Entwurfsaufgabe war es, die sich in einem sehr schlechten baulichen Zustand befindlichen R\u00e4umlichkeiten wieder einer sinnvollen Nutzung zuzuf\u00fchren. Da der Bauherr Apotheker ist war es von Anfang an naheliegend, diese Nutzung im medizinischen Bereich zu suchen.<\/span><\/strong><\/span><\/p>\n<p><span style=\"color: #000000; font-size: 10pt; font-family: Tahoma, Arial, Helvetica, sans-serif;\"><img data-recalc-dims=\"1\" fetchpriority=\"high\" decoding=\"async\" class=\"alignnone size-medium wp-image-4145\" src=\"https:\/\/i0.wp.com\/arch-moser.it\/wp-content\/uploads\/2016\/05\/IMG_4494.jpg?resize=225%2C300&#038;ssl=1\" alt=\"IMG_4494\" width=\"225\" height=\"300\" srcset=\"https:\/\/i0.wp.com\/arch-moser.it\/wp-content\/uploads\/2016\/05\/IMG_4494.jpg?resize=225%2C300&amp;ssl=1 225w, https:\/\/i0.wp.com\/arch-moser.it\/wp-content\/uploads\/2016\/05\/IMG_4494.jpg?w=500&amp;ssl=1 500w\" sizes=\"(max-width: 225px) 100vw, 225px\" \/>\u00a0 \u00a0\u00a0<img data-recalc-dims=\"1\" decoding=\"async\" class=\"alignnone size-medium wp-image-4144\" src=\"https:\/\/i0.wp.com\/arch-moser.it\/wp-content\/uploads\/2016\/05\/IMG_4492.jpg?resize=225%2C300&#038;ssl=1\" alt=\"IMG_4492\" width=\"225\" height=\"300\" srcset=\"https:\/\/i0.wp.com\/arch-moser.it\/wp-content\/uploads\/2016\/05\/IMG_4492.jpg?resize=225%2C300&amp;ssl=1 225w, https:\/\/i0.wp.com\/arch-moser.it\/wp-content\/uploads\/2016\/05\/IMG_4492.jpg?w=500&amp;ssl=1 500w\" sizes=\"(max-width: 225px) 100vw, 225px\" \/>\u00a0 \u00a0\u00a0<img data-recalc-dims=\"1\" decoding=\"async\" class=\"alignnone size-medium wp-image-4146\" src=\"https:\/\/i0.wp.com\/arch-moser.it\/wp-content\/uploads\/2016\/05\/IMG_4496.jpg?resize=225%2C300&#038;ssl=1\" alt=\"IMG_4496\" width=\"225\" height=\"300\" srcset=\"https:\/\/i0.wp.com\/arch-moser.it\/wp-content\/uploads\/2016\/05\/IMG_4496.jpg?resize=225%2C300&amp;ssl=1 225w, https:\/\/i0.wp.com\/arch-moser.it\/wp-content\/uploads\/2016\/05\/IMG_4496.jpg?w=500&amp;ssl=1 500w\" sizes=\"(max-width: 225px) 100vw, 225px\" \/> <\/span><\/p>\n<p><span style=\"color: #000000; font-size: 10pt; font-family: Tahoma, Arial, Helvetica, sans-serif;\"> <img data-recalc-dims=\"1\" loading=\"lazy\" decoding=\"async\" class=\"alignnone wp-image-4142 \" src=\"https:\/\/i0.wp.com\/arch-moser.it\/wp-content\/uploads\/2016\/05\/IMG_4371-e1463002729786-300x187.jpg?resize=464%2C289&#038;ssl=1\" width=\"464\" height=\"289\" srcset=\"https:\/\/i0.wp.com\/arch-moser.it\/wp-content\/uploads\/2016\/05\/IMG_4371-e1463002729786.jpg?resize=300%2C187&amp;ssl=1 300w, https:\/\/i0.wp.com\/arch-moser.it\/wp-content\/uploads\/2016\/05\/IMG_4371-e1463002729786.jpg?w=360&amp;ssl=1 360w\" sizes=\"(max-width: 464px) 100vw, 464px\" \/>\u00a0 <\/span><\/p>\n<p><span style=\"color: #000000; font-size: 10pt; font-family: Tahoma, Arial, Helvetica, sans-serif;\"><img data-recalc-dims=\"1\" loading=\"lazy\" decoding=\"async\" class=\"alignnone wp-image-4098 \" src=\"https:\/\/i0.wp.com\/arch-moser.it\/wp-content\/uploads\/2016\/05\/IMG_4453-e1462810709590-151x300.jpg?resize=146%2C290&#038;ssl=1\" width=\"146\" height=\"290\" srcset=\"https:\/\/i0.wp.com\/arch-moser.it\/wp-content\/uploads\/2016\/05\/IMG_4453-e1462810709590.jpg?resize=151%2C300&amp;ssl=1 151w, https:\/\/i0.wp.com\/arch-moser.it\/wp-content\/uploads\/2016\/05\/IMG_4453-e1462810709590.jpg?w=336&amp;ssl=1 336w\" sizes=\"(max-width: 146px) 100vw, 146px\" \/>\u00a0 \u00a0\u00a0<img data-recalc-dims=\"1\" loading=\"lazy\" decoding=\"async\" class=\"alignnone wp-image-3949\" src=\"https:\/\/i0.wp.com\/arch-moser.it\/wp-content\/uploads\/2016\/05\/IMG_4445.jpg?resize=388%2C291&#038;ssl=1\" alt=\"IMG_4445\" width=\"388\" height=\"291\" srcset=\"https:\/\/i0.wp.com\/arch-moser.it\/wp-content\/uploads\/2016\/05\/IMG_4445.jpg?resize=300%2C225&amp;ssl=1 300w, https:\/\/i0.wp.com\/arch-moser.it\/wp-content\/uploads\/2016\/05\/IMG_4445.jpg?w=500&amp;ssl=1 500w\" sizes=\"(max-width: 388px) 100vw, 388px\" \/><\/span><\/p>\n<p><span style=\"font-size: 10pt; font-family: Tahoma, Arial, Helvetica, sans-serif;\">Nach 10 Monaten Bauzeit werden nun in den generalsanierten R\u00e4umlichkeiten\u00a0im Erdgescho\u00df komplemet\u00e4rmedizinische Heilungsmethoden angeboten, im Untergescho\u00df ayurvedische Behandlungen und \u00d6lmassagen. Die beiden Geschosse sind \u00fcber eine neue Innentreppe verbunden, k\u00f6nnen jedoch auch \u00fcber getrennte Eing\u00e4nge vom Hinterhof aus erreicht werden. Stra\u00dfenseitig kann das Untergeschoss au\u00dferdem auch \u00fcber eine neue komfortable Liftanlage behindertengerecht erschlossen werden.<\/span><\/p>\n<p><span style=\"color: #000000; font-size: 10pt; font-family: Tahoma, Arial, Helvetica, sans-serif;\"><img data-recalc-dims=\"1\" loading=\"lazy\" decoding=\"async\" class=\"alignnone size-medium wp-image-3947\" src=\"https:\/\/i0.wp.com\/arch-moser.it\/wp-content\/uploads\/2016\/05\/IMG_4323-e1462735154988-272x300.jpg?resize=272%2C300&#038;ssl=1\" alt=\"IMG_4323\" width=\"272\" height=\"300\" srcset=\"https:\/\/i0.wp.com\/arch-moser.it\/wp-content\/uploads\/2016\/05\/IMG_4323-e1462735154988.jpg?resize=272%2C300&amp;ssl=1 272w, https:\/\/i0.wp.com\/arch-moser.it\/wp-content\/uploads\/2016\/05\/IMG_4323-e1462735154988.jpg?w=301&amp;ssl=1 301w\" sizes=\"(max-width: 272px) 100vw, 272px\" \/>\u00a0 \u00a0<img data-recalc-dims=\"1\" loading=\"lazy\" decoding=\"async\" class=\"alignnone size-medium wp-image-4148\" src=\"https:\/\/i0.wp.com\/arch-moser.it\/wp-content\/uploads\/2016\/05\/IMG_4861.jpg?resize=225%2C300&#038;ssl=1\" alt=\"IMG_4861\" width=\"225\" height=\"300\" srcset=\"https:\/\/i0.wp.com\/arch-moser.it\/wp-content\/uploads\/2016\/05\/IMG_4861.jpg?resize=225%2C300&amp;ssl=1 225w, https:\/\/i0.wp.com\/arch-moser.it\/wp-content\/uploads\/2016\/05\/IMG_4861.jpg?w=500&amp;ssl=1 500w\" sizes=\"(max-width: 225px) 100vw, 225px\" \/>\u00a0 \u00a0<img data-recalc-dims=\"1\" loading=\"lazy\" decoding=\"async\" class=\"alignnone size-medium wp-image-4147\" src=\"https:\/\/i0.wp.com\/arch-moser.it\/wp-content\/uploads\/2016\/05\/IMG_4865.jpg?resize=225%2C300&#038;ssl=1\" alt=\"IMG_4865\" width=\"225\" height=\"300\" srcset=\"https:\/\/i0.wp.com\/arch-moser.it\/wp-content\/uploads\/2016\/05\/IMG_4865.jpg?resize=225%2C300&amp;ssl=1 225w, https:\/\/i0.wp.com\/arch-moser.it\/wp-content\/uploads\/2016\/05\/IMG_4865.jpg?w=500&amp;ssl=1 500w\" sizes=\"(max-width: 225px) 100vw, 225px\" \/><\/span><\/p>\n<p><strong><span style=\"font-size: 10pt; font-family: Tahoma, Arial, Helvetica, sans-serif; color: #d1eb0e;\">Eingang Brennerstrasse\u00a0\u00a0 \u00a0 \u00a0 \u00a0 \u00a0 \u00a0 \u00a0 \u00a0 \u00a0 \u00a0 \u00a0 \u00a0\u00a0\u00a0\u00a0\u00a0\u00a0\u00a0\u00a0\u00a0\u00a0\u00a0\u00a0\u00a0\u00a0\u00a0\u00a0\u00a0\u00a0\u00a0\u00a0\u00a0\u00a0\u00a0\u00a0\u00a0\u00a0\u00a0\u00a0\u00a0\u00a0\u00a0\u00a0\u00a0\u00a0\u00a0\u00a0\u00a0\u00a0\u00a0\u00a0\u00a0\u00a0\u00a0\u00a0\u00a0\u00a0\u00a0\u00a0\u00a0\u00a0\u00a0 Eing\u00e4nge Hofseite<\/span><\/strong><\/p>\n<address><span style=\"font-size: 10pt; font-family: Tahoma, Arial, Helvetica, sans-serif;\">\u00a0<\/span><\/address>\n<p><span style=\"font-size: 10pt; font-family: Tahoma, Arial, Helvetica, sans-serif;\">Das Innenraumkonzept wurde so ausgelegt, dass in jedem Winkel die Pr\u00e4senz von Tageslicht wahrgenommen wird, und zwar durch gezielt angeordnete Oberlichtverglasungen, welche das Licht auch in fensterlose R\u00e4ume bringen und gleichzeitig Durchblicke bis hin zu den Fassadenverglasungen erlauben. Vor allem im Erdgeschoss erreicht man dadurch eine optische Erweiterung des Innenraumes, ein Zusammenspiel zwischen Aussen &#8211; und Innenraum sowie eine st\u00e4ndig sich ver\u00e4ndernde Atmosph\u00e4re, je nach Tages- und Jahreszeit.<\/span><\/p>\n<p><img data-recalc-dims=\"1\" loading=\"lazy\" decoding=\"async\" class=\"alignnone wp-image-4149\" src=\"https:\/\/i0.wp.com\/arch-moser.it\/wp-content\/uploads\/2016\/05\/EG-2.jpg?resize=531%2C559&#038;ssl=1\" alt=\"EG 2\" width=\"531\" height=\"559\" srcset=\"https:\/\/i0.wp.com\/arch-moser.it\/wp-content\/uploads\/2016\/05\/EG-2.jpg?resize=285%2C300&amp;ssl=1 285w, https:\/\/i0.wp.com\/arch-moser.it\/wp-content\/uploads\/2016\/05\/EG-2.jpg?w=500&amp;ssl=1 500w\" sizes=\"(max-width: 531px) 100vw, 531px\" \/><\/p>\n<p><span style=\"font-size: 10pt; font-family: Tahoma, Arial, Helvetica, sans-serif;\">In der Ayurveda &#8211; Praxis im Untergeschoss war es eine gro\u00dfe Herausforderung, die Innenr\u00e4ume so hell und freundlich wie m\u00f6glich zu halten und nicht als dunkle Kellerr\u00e4ume wirken zu lassen. Durch eine Reihe von baulichen Eingriffen konnte eine enorme gestalterische Aufwertung sowohl f\u00fcr den Zugang \u00fcber die Aussentreppe im Hinterhof als auch f\u00fcr den gesamten Eingangsbereich erzielt werden. Dort wurde die neue Eingangst\u00fcr komplett verglast; an der gegen\u00fcber liegenden Seite wurde ein neuer L\u00fcftungsschacht vorgesehen, welcher \u00fcber einen zuletzt geschlossenen und nunmehr wieder ge\u00f6ffneten Lichtschacht belichtet wird. An bew\u00f6lkten Tagen bzw. in den Abendstunden kann dieser Luftschacht nach Wunsch \u00fcber eine Tageslicht \u00e4hnliche, k\u00fcnstliche Beleuchtung belichtet werden und bildet zusammen mit der freigelegten Natursteinwand einen raumpr\u00e4genden Akzent. F\u00fcr den hofseitigen Behandlungsraum wurde ein gro\u00dfe Fenster\u00f6ffnung aus der 70cm dicken Aussenwand geschnitten. Die zugeordnete, innenliegende Nasseinheit mit Dusche und Dampfbad wurde mit einer matten Ganzglaswand abgetrennt.<\/span><\/p>\n<p><img data-recalc-dims=\"1\" loading=\"lazy\" decoding=\"async\" class=\"alignnone wp-image-4150\" src=\"https:\/\/i0.wp.com\/arch-moser.it\/wp-content\/uploads\/2016\/05\/EG.jpg?resize=465%2C234&#038;ssl=1\" alt=\"EG\" width=\"465\" height=\"234\" srcset=\"https:\/\/i0.wp.com\/arch-moser.it\/wp-content\/uploads\/2016\/05\/EG.jpg?resize=300%2C151&amp;ssl=1 300w, https:\/\/i0.wp.com\/arch-moser.it\/wp-content\/uploads\/2016\/05\/EG.jpg?w=500&amp;ssl=1 500w\" sizes=\"(max-width: 465px) 100vw, 465px\" \/><\/p>\n<p><img data-recalc-dims=\"1\" loading=\"lazy\" decoding=\"async\" class=\"alignnone wp-image-4151\" src=\"https:\/\/i0.wp.com\/arch-moser.it\/wp-content\/uploads\/2016\/05\/UG.jpg?resize=473%2C219&#038;ssl=1\" alt=\"UG\" width=\"473\" height=\"219\" srcset=\"https:\/\/i0.wp.com\/arch-moser.it\/wp-content\/uploads\/2016\/05\/UG.jpg?resize=300%2C139&amp;ssl=1 300w, https:\/\/i0.wp.com\/arch-moser.it\/wp-content\/uploads\/2016\/05\/UG.jpg?w=500&amp;ssl=1 500w\" sizes=\"(max-width: 473px) 100vw, 473px\" \/><\/p>\n<p><span style=\"font-size: 10pt; font-family: Tahoma, Arial, Helvetica, sans-serif;\">Die Suche\u00a0nach gr\u00f6\u00dftm\u00f6glicher Transparenz war die wichtigste gestalterische Massnahme, um ein angenehmes Arbeitsklima und eine wohltuende Atmosph\u00e4re f\u00fcr die Besucher schaffen zu k\u00f6nnen. Die vielleicht einmalige Eingangssituation mit der gro\u00dfen ehemaligen Bogendurchfahrt unterstreicht zus\u00e4tzlich dieses Konzept.<\/span><\/p>\n<p><img data-recalc-dims=\"1\" loading=\"lazy\" decoding=\"async\" class=\"alignnone wp-image-4152\" src=\"https:\/\/i0.wp.com\/arch-moser.it\/wp-content\/uploads\/2016\/05\/Schnitte.jpg?resize=466%2C641&#038;ssl=1\" alt=\"Schnitte\" width=\"466\" height=\"641\" srcset=\"https:\/\/i0.wp.com\/arch-moser.it\/wp-content\/uploads\/2016\/05\/Schnitte.jpg?resize=218%2C300&amp;ssl=1 218w, https:\/\/i0.wp.com\/arch-moser.it\/wp-content\/uploads\/2016\/05\/Schnitte.jpg?w=500&amp;ssl=1 500w\" sizes=\"(max-width: 466px) 100vw, 466px\" \/><\/p>\n<\/div>\n<p><img data-recalc-dims=\"1\" loading=\"lazy\" decoding=\"async\" class=\"alignnone wp-image-4172\" src=\"https:\/\/i0.wp.com\/arch-moser.it\/wp-content\/uploads\/2016\/05\/IMG_4459-1.jpg?resize=456%2C342&#038;ssl=1\" alt=\"IMG_4459\" width=\"456\" height=\"342\" srcset=\"https:\/\/i0.wp.com\/arch-moser.it\/wp-content\/uploads\/2016\/05\/IMG_4459-1.jpg?resize=300%2C225&amp;ssl=1 300w, https:\/\/i0.wp.com\/arch-moser.it\/wp-content\/uploads\/2016\/05\/IMG_4459-1.jpg?w=500&amp;ssl=1 500w\" sizes=\"(max-width: 456px) 100vw, 456px\" \/><\/p>\n<p><strong><span style=\"font-size: 10pt; font-family: Tahoma,Arial,Helvetica,sans-serif; color: #e5f011;\">Detail Handlauf Aussentreppe<\/span><\/strong><\/p>\n<p>&nbsp;<\/p>\n","protected":false},"excerpt":{"rendered":"<p>&#8220;Wann immer wir etwas bauen, sind wir dem Wesen des Ortes verpflichtet, sind dazu verpflichtet, etwas Wohltuendes hinzuzuf\u00fcgen.&#8221; (Christopher Day, Architekt) Vielen ist bereits der neue Eingangsbereich unterhalb des Rundbogens gleich neben der Antoniusapotheke am Zw\u00f6lfmalgreiener Platz aufgefallen.\u00a0Die R\u00e4umlichkeiten , in denen einst der HIFI LEUKOSTORE zu finden war und die seit einigen Jahren leer [&hellip;]<\/p>\n","protected":false},"author":1,"featured_media":4162,"comment_status":"closed","ping_status":"closed","sticky":false,"template":"","format":"standard","meta":{"ngg_post_thumbnail":0,"_jetpack_memberships_contains_paid_content":false,"footnotes":""},"categories":[2,3],"tags":[],"class_list":["post-3909","post","type-post","status-publish","format-standard","has-post-thumbnail","hentry","category-architektur","category-eigene-projekte"],"jetpack_featured_media_url":"https:\/\/i0.wp.com\/arch-moser.it\/wp-content\/uploads\/2016\/05\/Scan-2-Kopie.jpg?fit=500%2C371&ssl=1","jetpack_sharing_enabled":true,"_links":{"self":[{"href":"https:\/\/arch-moser.it\/it\/wp-json\/wp\/v2\/posts\/3909","targetHints":{"allow":["GET"]}}],"collection":[{"href":"https:\/\/arch-moser.it\/it\/wp-json\/wp\/v2\/posts"}],"about":[{"href":"https:\/\/arch-moser.it\/it\/wp-json\/wp\/v2\/types\/post"}],"author":[{"embeddable":true,"href":"https:\/\/arch-moser.it\/it\/wp-json\/wp\/v2\/users\/1"}],"replies":[{"embeddable":true,"href":"https:\/\/arch-moser.it\/it\/wp-json\/wp\/v2\/comments?post=3909"}],"version-history":[{"count":22,"href":"https:\/\/arch-moser.it\/it\/wp-json\/wp\/v2\/posts\/3909\/revisions"}],"predecessor-version":[{"id":4175,"href":"https:\/\/arch-moser.it\/it\/wp-json\/wp\/v2\/posts\/3909\/revisions\/4175"}],"wp:featuredmedia":[{"embeddable":true,"href":"https:\/\/arch-moser.it\/it\/wp-json\/wp\/v2\/media\/4162"}],"wp:attachment":[{"href":"https:\/\/arch-moser.it\/it\/wp-json\/wp\/v2\/media?parent=3909"}],"wp:term":[{"taxonomy":"category","embeddable":true,"href":"https:\/\/arch-moser.it\/it\/wp-json\/wp\/v2\/categories?post=3909"},{"taxonomy":"post_tag","embeddable":true,"href":"https:\/\/arch-moser.it\/it\/wp-json\/wp\/v2\/tags?post=3909"}],"curies":[{"name":"wp","href":"https:\/\/api.w.org\/{rel}","templated":true}]}}