{"id":3598,"date":"2016-04-09T16:43:08","date_gmt":"2016-04-09T14:43:08","guid":{"rendered":"https:\/\/arch-moser.it\/?p=3598"},"modified":"2016-07-19T12:44:25","modified_gmt":"2016-07-19T10:44:25","slug":"kapitelamtmannhaus","status":"publish","type":"post","link":"https:\/\/arch-moser.it\/it\/kapitelamtmannhaus\/","title":{"rendered":"Kapitel &#8211; Amtmannhaus in Brixen"},"content":{"rendered":"<figure id=\"attachment_3717\" style=\"width: 236px\"  class=\"wp-caption alignleft\"><a href=\"https:\/\/i0.wp.com\/arch-moser.it\/wp-content\/uploads\/2016\/04\/Bestand-Kopie--e1460632239484.jpg?ssl=1\"><img data-recalc-dims=\"1\" fetchpriority=\"high\" decoding=\"async\" class=\"wp-image-3717 size-medium\" src=\"https:\/\/i0.wp.com\/arch-moser.it\/wp-content\/uploads\/2016\/04\/Bestand-Kopie--e1460632239484-236x300.jpg?resize=236%2C300&#038;ssl=1\" alt=\"Bestand Kopie\" width=\"236\" height=\"300\" srcset=\"https:\/\/i0.wp.com\/arch-moser.it\/wp-content\/uploads\/2016\/04\/Bestand-Kopie--e1460632239484.jpg?resize=236%2C300&amp;ssl=1 236w, https:\/\/i0.wp.com\/arch-moser.it\/wp-content\/uploads\/2016\/04\/Bestand-Kopie--e1460632239484.jpg?w=308&amp;ssl=1 308w\" sizes=\"(max-width: 236px) 100vw, 236px\" \/><\/a><figcaption class=\"wp-caption-text\"><strong><span style=\"color: #f59a11;\"><span style=\"font-size: 10pt; font-family: Tahoma,Arial,Helvetica,sans-serif;\">Ausgangssituation BESTAND<\/span><\/span><\/strong><\/figcaption><\/figure>\n<p>&nbsp;<\/p>\n<p>&nbsp;<\/p>\n<p>&nbsp;<\/p>\n<p>&nbsp;<\/p>\n<p>&nbsp;<\/p>\n<p>&nbsp;<\/p>\n<p>&nbsp;<\/p>\n<p>&nbsp;<\/p>\n<p>&nbsp;<\/p>\n<p>&nbsp;<\/p>\n<p><span style=\"font-size: 10pt; font-family: Tahoma,Arial,Helvetica,sans-serif;\">Bei der gegenst\u00e4ndlichen Sanierung handelt es sich um das ehemalige Kapitel &#8211; Amtmannhaus, ein historisches Geb\u00e4ude, welches auch in der Brixner H\u00e4usergeschichte erw\u00e4hnt wird. Im Innern befinden sich historische Holzdecken und Stuckdecken aus dem 18. Jh. An der Nordseite findet sich ein Treppengiebel, im Westen ragt ein zierlicher Erker in die Hartwiggasse.<\/span><\/p>\n<figure id=\"attachment_3685\" style=\"width: 211px\"  class=\"wp-caption alignleft\"><img data-recalc-dims=\"1\" decoding=\"async\" class=\" wp-image-3685\" src=\"https:\/\/i0.wp.com\/arch-moser.it\/wp-content\/uploads\/2016\/04\/DSCN5715-225x300.jpg?resize=211%2C281&#038;ssl=1\" alt=\"vorher\" width=\"211\" height=\"281\" \/><figcaption class=\"wp-caption-text\"><span style=\"color: #f59a11;\"><strong><span style=\"font-family: Tahoma,Arial,Helvetica,sans-serif; font-size: 10pt;\">vorher<\/span><\/strong><\/span><\/figcaption><\/figure>\n<figure id=\"attachment_3684\" style=\"width: 209px\"  class=\"wp-caption alignleft\"><img data-recalc-dims=\"1\" decoding=\"async\" class=\" wp-image-3684\" src=\"https:\/\/i0.wp.com\/arch-moser.it\/wp-content\/uploads\/2016\/04\/DSCN6649-225x300.jpg?resize=209%2C279&#038;ssl=1\" alt=\"nachher\" width=\"209\" height=\"279\" \/><figcaption class=\"wp-caption-text\"><span style=\"color: #c8f016;\"><strong><span style=\"font-family: Tahoma,Arial,Helvetica,sans-serif; font-size: 10pt;\">nachher<\/span><\/strong><\/span><\/figcaption><\/figure>\n<p>&nbsp;<\/p>\n<p>&nbsp;<\/p>\n<p>&nbsp;<\/p>\n<p>&nbsp;<\/p>\n<p>&nbsp;<\/p>\n<p>&nbsp;<\/p>\n<p>&nbsp;<\/p>\n<p>&nbsp;<\/p>\n<p>&nbsp;<\/p>\n<p><span style=\"font-size: 10pt; font-family: Tahoma,Arial,Helvetica,sans-serif;\">Seit April 2016 zeigt sich das KAPITELAMTMANNHAUS gegen\u00fcber dem Priesterseminar bzw. ostseitigen Zugang zum Kreuzgang in einem neuem Kleid. <\/span><span style=\"font-size: 10pt; font-family: Tahoma,Arial,Helvetica,sans-serif;\">Neben den Reparaturarbeiten am Dach sowie der neuen Dacheindeckung mit\u00a0Doppelmuldenfalzziegeln wurden auch die Fassaden samt Giebelmauern fachgerecht restauriert und neu get\u00fcncht. <\/span><\/p>\n<figure id=\"attachment_3695\" style=\"width: 271px\"  class=\"wp-caption alignleft\"><img data-recalc-dims=\"1\" loading=\"lazy\" decoding=\"async\" class=\" wp-image-3695\" src=\"https:\/\/i0.wp.com\/arch-moser.it\/wp-content\/uploads\/2016\/04\/DSCN5710.jpg?resize=271%2C204&#038;ssl=1\" alt=\"vorher\" width=\"271\" height=\"204\" srcset=\"https:\/\/i0.wp.com\/arch-moser.it\/wp-content\/uploads\/2016\/04\/DSCN5710.jpg?resize=300%2C225&amp;ssl=1 300w, https:\/\/i0.wp.com\/arch-moser.it\/wp-content\/uploads\/2016\/04\/DSCN5710.jpg?w=500&amp;ssl=1 500w\" sizes=\"(max-width: 271px) 100vw, 271px\" \/><figcaption class=\"wp-caption-text\"><strong><span style=\"font-family: Tahoma,Arial,Helvetica,sans-serif; font-size: 10pt; color: #f59a11;\">vorher<\/span><\/strong><\/figcaption><\/figure>\n<figure id=\"attachment_3691\" style=\"width: 270px\"  class=\"wp-caption alignleft\"><img data-recalc-dims=\"1\" loading=\"lazy\" decoding=\"async\" class=\"wp-image-3691 \" src=\"https:\/\/i0.wp.com\/arch-moser.it\/wp-content\/uploads\/2016\/04\/DSCN6823-300x225.jpg?resize=270%2C203&#038;ssl=1\" alt=\"DSCN6823\" width=\"270\" height=\"203\" \/><figcaption class=\"wp-caption-text\"><span style=\"color: #c8f016;\"><strong><span style=\"font-family: Tahoma,Arial,Helvetica,sans-serif; font-size: 10pt;\">nachher<\/span><\/strong><\/span><\/figcaption><\/figure>\n<p style=\"text-align: left;\">\n<p style=\"text-align: left;\">\n<p style=\"text-align: left;\">\n<p style=\"text-align: left;\">\n<p style=\"text-align: left;\">\n<p style=\"text-align: left;\">\n<p style=\"text-align: left;\">\n<p style=\"text-align: left;\"><span style=\"font-size: 10pt; font-family: Tahoma,Arial,Helvetica,sans-serif;\">Die Arbeiten wurden von einheimischen Firmen ausgef\u00fchrt (Zimmerer- und Spenglerarbeiten OBERRAUCH, Baumeisterarbeiten MOLLING, Malerarbeiten LECHNER H. in Zusammenarbeit mit Restaurator CIMADOM). Die Farbgestaltung erfolgte in enger Zusammenarbeit mit dem Amt f\u00fcr Bau- und Kunstdenkm\u00e4ler (Zoneninspektorin Frau. Arch. Margit Weiss Reifner).<\/span><\/p>\n<p><img data-recalc-dims=\"1\" loading=\"lazy\" decoding=\"async\" class=\"alignnone size-medium wp-image-3680\" src=\"https:\/\/i0.wp.com\/arch-moser.it\/wp-content\/uploads\/2016\/04\/DSCN6584.jpg?resize=225%2C300&#038;ssl=1\" alt=\"DSCN6584\" width=\"225\" height=\"300\" srcset=\"https:\/\/i0.wp.com\/arch-moser.it\/wp-content\/uploads\/2016\/04\/DSCN6584.jpg?resize=225%2C300&amp;ssl=1 225w, https:\/\/i0.wp.com\/arch-moser.it\/wp-content\/uploads\/2016\/04\/DSCN6584.jpg?w=500&amp;ssl=1 500w\" sizes=\"(max-width: 225px) 100vw, 225px\" \/>\u00a0\u00a0\u00a0 <img data-recalc-dims=\"1\" loading=\"lazy\" decoding=\"async\" class=\"alignnone size-medium wp-image-3679\" src=\"https:\/\/i0.wp.com\/arch-moser.it\/wp-content\/uploads\/2016\/04\/DSCN6589.jpg?resize=225%2C300&#038;ssl=1\" alt=\"DSCN6589\" width=\"225\" height=\"300\" srcset=\"https:\/\/i0.wp.com\/arch-moser.it\/wp-content\/uploads\/2016\/04\/DSCN6589.jpg?resize=225%2C300&amp;ssl=1 225w, https:\/\/i0.wp.com\/arch-moser.it\/wp-content\/uploads\/2016\/04\/DSCN6589.jpg?w=500&amp;ssl=1 500w\" sizes=\"(max-width: 225px) 100vw, 225px\" \/>\u00a0\u00a0\u00a0 <img data-recalc-dims=\"1\" loading=\"lazy\" decoding=\"async\" class=\"alignnone size-medium wp-image-3681\" src=\"https:\/\/i0.wp.com\/arch-moser.it\/wp-content\/uploads\/2016\/04\/DSCN6594.jpg?resize=225%2C300&#038;ssl=1\" alt=\"DSCN6594\" width=\"225\" height=\"300\" srcset=\"https:\/\/i0.wp.com\/arch-moser.it\/wp-content\/uploads\/2016\/04\/DSCN6594.jpg?resize=225%2C300&amp;ssl=1 225w, https:\/\/i0.wp.com\/arch-moser.it\/wp-content\/uploads\/2016\/04\/DSCN6594.jpg?w=500&amp;ssl=1 500w\" sizes=\"(max-width: 225px) 100vw, 225px\" \/><\/p>\n<p><span style=\"font-size: 10pt; font-family: Tahoma, Arial, Helvetica, sans-serif;\">Das markante Geb\u00e4ude mit seiner besonderen\u00a0st\u00e4dtebaulichen Position am Rande des historischen Stadtkernes in Brixen f\u00fcgt sich nun wieder, was Dachlandschaft und Farbgestaltung betrifft, nahtlos in den urbanen Kontekt ein, ohne sich diesem aufzudr\u00e4ngen. <\/span><\/p>\n<p><img data-recalc-dims=\"1\" loading=\"lazy\" decoding=\"async\" class=\"alignnone size-medium wp-image-3676\" src=\"https:\/\/i0.wp.com\/arch-moser.it\/wp-content\/uploads\/2016\/04\/DSCN6646.jpg?resize=225%2C300&#038;ssl=1\" alt=\"DSCN6646\" width=\"225\" height=\"300\" srcset=\"https:\/\/i0.wp.com\/arch-moser.it\/wp-content\/uploads\/2016\/04\/DSCN6646.jpg?resize=225%2C300&amp;ssl=1 225w, https:\/\/i0.wp.com\/arch-moser.it\/wp-content\/uploads\/2016\/04\/DSCN6646.jpg?w=500&amp;ssl=1 500w\" sizes=\"(max-width: 225px) 100vw, 225px\" \/> \u00a0 \u00a0 <img data-recalc-dims=\"1\" loading=\"lazy\" decoding=\"async\" class=\"alignnone size-medium wp-image-3677\" src=\"https:\/\/i0.wp.com\/arch-moser.it\/wp-content\/uploads\/2016\/04\/DSCN6647.jpg?resize=225%2C300&#038;ssl=1\" alt=\"DSCN6647\" width=\"225\" height=\"300\" srcset=\"https:\/\/i0.wp.com\/arch-moser.it\/wp-content\/uploads\/2016\/04\/DSCN6647.jpg?resize=225%2C300&amp;ssl=1 225w, https:\/\/i0.wp.com\/arch-moser.it\/wp-content\/uploads\/2016\/04\/DSCN6647.jpg?w=500&amp;ssl=1 500w\" sizes=\"(max-width: 225px) 100vw, 225px\" \/> \u00a0 \u00a0 <img data-recalc-dims=\"1\" loading=\"lazy\" decoding=\"async\" class=\"alignnone size-medium wp-image-3678\" src=\"https:\/\/i0.wp.com\/arch-moser.it\/wp-content\/uploads\/2016\/04\/DSCN6648.jpg?resize=225%2C300&#038;ssl=1\" alt=\"DSCN6648\" width=\"225\" height=\"300\" srcset=\"https:\/\/i0.wp.com\/arch-moser.it\/wp-content\/uploads\/2016\/04\/DSCN6648.jpg?resize=225%2C300&amp;ssl=1 225w, https:\/\/i0.wp.com\/arch-moser.it\/wp-content\/uploads\/2016\/04\/DSCN6648.jpg?w=500&amp;ssl=1 500w\" sizes=\"(max-width: 225px) 100vw, 225px\" \/><\/p>\n<p>&nbsp;<\/p>\n<p><span style=\"font-size: 10pt; font-family: Tahoma, Arial, Helvetica, sans-serif;\">Dies war auch ein architektonischer Grundgedanke, welcher dieser Arbeit zugrunde lag.<\/span><\/p>\n<p><img data-recalc-dims=\"1\" loading=\"lazy\" decoding=\"async\" class=\"alignnone size-medium wp-image-3665\" src=\"https:\/\/i0.wp.com\/arch-moser.it\/wp-content\/uploads\/2016\/04\/IMG_0531.jpg?resize=225%2C300&#038;ssl=1\" alt=\"IMG_0531\" width=\"225\" height=\"300\" srcset=\"https:\/\/i0.wp.com\/arch-moser.it\/wp-content\/uploads\/2016\/04\/IMG_0531.jpg?resize=225%2C300&amp;ssl=1 225w, https:\/\/i0.wp.com\/arch-moser.it\/wp-content\/uploads\/2016\/04\/IMG_0531.jpg?w=500&amp;ssl=1 500w\" sizes=\"(max-width: 225px) 100vw, 225px\" \/> \u00a0\u00a0 <img data-recalc-dims=\"1\" loading=\"lazy\" decoding=\"async\" class=\"alignnone size-medium wp-image-3666\" src=\"https:\/\/i0.wp.com\/arch-moser.it\/wp-content\/uploads\/2016\/04\/IMG_0532.jpg?resize=225%2C300&#038;ssl=1\" alt=\"IMG_0532\" width=\"225\" height=\"300\" srcset=\"https:\/\/i0.wp.com\/arch-moser.it\/wp-content\/uploads\/2016\/04\/IMG_0532.jpg?resize=225%2C300&amp;ssl=1 225w, https:\/\/i0.wp.com\/arch-moser.it\/wp-content\/uploads\/2016\/04\/IMG_0532.jpg?w=500&amp;ssl=1 500w\" sizes=\"(max-width: 225px) 100vw, 225px\" \/><\/p>\n","protected":false},"excerpt":{"rendered":"<p>&nbsp; &nbsp; &nbsp; &nbsp; &nbsp; &nbsp; &nbsp; &nbsp; &nbsp; &nbsp; Bei der gegenst\u00e4ndlichen Sanierung handelt es sich um das ehemalige Kapitel &#8211; Amtmannhaus, ein historisches Geb\u00e4ude, welches auch in der Brixner H\u00e4usergeschichte erw\u00e4hnt wird. Im Innern befinden sich historische Holzdecken und Stuckdecken aus dem 18. Jh. An der Nordseite findet sich ein Treppengiebel, im Westen [&hellip;]<\/p>\n","protected":false},"author":1,"featured_media":3673,"comment_status":"closed","ping_status":"closed","sticky":false,"template":"","format":"standard","meta":{"ngg_post_thumbnail":0,"_jetpack_memberships_contains_paid_content":false,"footnotes":""},"categories":[2,3],"tags":[],"class_list":["post-3598","post","type-post","status-publish","format-standard","has-post-thumbnail","hentry","category-architektur","category-eigene-projekte"],"jetpack_featured_media_url":"https:\/\/i0.wp.com\/arch-moser.it\/wp-content\/uploads\/2016\/04\/Folie1.jpg?fit=497%2C373&ssl=1","jetpack_sharing_enabled":true,"_links":{"self":[{"href":"https:\/\/arch-moser.it\/it\/wp-json\/wp\/v2\/posts\/3598","targetHints":{"allow":["GET"]}}],"collection":[{"href":"https:\/\/arch-moser.it\/it\/wp-json\/wp\/v2\/posts"}],"about":[{"href":"https:\/\/arch-moser.it\/it\/wp-json\/wp\/v2\/types\/post"}],"author":[{"embeddable":true,"href":"https:\/\/arch-moser.it\/it\/wp-json\/wp\/v2\/users\/1"}],"replies":[{"embeddable":true,"href":"https:\/\/arch-moser.it\/it\/wp-json\/wp\/v2\/comments?post=3598"}],"version-history":[{"count":44,"href":"https:\/\/arch-moser.it\/it\/wp-json\/wp\/v2\/posts\/3598\/revisions"}],"predecessor-version":[{"id":4403,"href":"https:\/\/arch-moser.it\/it\/wp-json\/wp\/v2\/posts\/3598\/revisions\/4403"}],"wp:featuredmedia":[{"embeddable":true,"href":"https:\/\/arch-moser.it\/it\/wp-json\/wp\/v2\/media\/3673"}],"wp:attachment":[{"href":"https:\/\/arch-moser.it\/it\/wp-json\/wp\/v2\/media?parent=3598"}],"wp:term":[{"taxonomy":"category","embeddable":true,"href":"https:\/\/arch-moser.it\/it\/wp-json\/wp\/v2\/categories?post=3598"},{"taxonomy":"post_tag","embeddable":true,"href":"https:\/\/arch-moser.it\/it\/wp-json\/wp\/v2\/tags?post=3598"}],"curies":[{"name":"wp","href":"https:\/\/api.w.org\/{rel}","templated":true}]}}