{"id":2793,"date":"2013-11-06T15:45:08","date_gmt":"2013-11-06T15:45:08","guid":{"rendered":"http:\/\/moserchristian.com\/?p=2793"},"modified":"2016-08-03T09:52:11","modified_gmt":"2016-08-03T07:52:11","slug":"werkzeuge-des-architekten-teil-i-das-arbeitsmodell","status":"publish","type":"post","link":"https:\/\/arch-moser.it\/it\/werkzeuge-des-architekten-teil-i-das-arbeitsmodell\/","title":{"rendered":"Werkzeuge des Architekten Teil I: das Arbeitsmodell"},"content":{"rendered":"<p><span style=\"font-family: Tahoma,Arial,Helvetica,sans-serif; font-size: 10pt;\"><em>&#8230;<\/em><strong>Das Architekturmodell ist ein Arbeits- und Entwurfswerkzeug des Architekten und ein Teil der Architekturdarstellung wie die Pr\u00e4sentationszeichnung. Anhand von Entwurfsmodellen k\u00f6nnen Architekten und Bauherren sehr schnell die Kubatur eines Entwurfes sowie die r\u00e4umlichen Zusammenh\u00e4nge erfassen und bewerten. Gerade f\u00fcr Laien, die im Lesen von Architekturzeichnungen unge\u00fcbt sind, ist ein Modell oft anschaulicher als zweidimensionale Darstellungen\u00a0\u2026\u00a0(Quelle: WIKIPEDIA)<\/strong><br \/>\n<\/span><\/p>\n<p><span style=\"font-family: Tahoma,Arial,Helvetica,sans-serif; font-size: 10pt;\">Schon zu Studienzeiten zeigte man uns das Entwerfen an Hand von Arbeitsmodellen aus Holz, Pappe oder Styropor. Mit den fertigen Projektzeichnungen musste man Ende Semester immer auch ein Pr\u00e4sentationsmodell abgeben, was auch meiner Wenigkeit so manche schlaflose Nacht gekostet hat. Zum Gl\u00fcck gab es geduldige Kollegen, die mithalfen beim Basteln und Kaffee machen, so dass wir bis zum wohlverdienten Bierfr\u00fchst\u00fcck durchhalten konnten. Einmal hat mir sogar mein Vater geholfen und eine Vielzahl gleich gro\u00dfer Fensterrahmen in braunem Kunstharz gegossen; wenn ich diese Fenster selber h\u00e4tte bauen m\u00fcssen w\u00e4re ich wahrscheinlich heute noch dabei!<\/span><\/p>\n<p><span style=\"font-family: Tahoma,Arial,Helvetica,sans-serif; font-size: 10pt;\">Aber Spass bei Seite: obwohl heutzutage die Entw\u00fcrfe am Computer erzeugt und mittels CAAD als virtuelle Geb\u00e4udemodelle dargestellt werden k\u00f6nnen, pflegen wir in unserem B\u00fcro immer noch, unsere Projekte den Kunden auch mittels einfacher Architekturmodelle aus Karton zu pr\u00e4sentieren. Diese\u00a0k\u00f6nnen es dann von allen Seiten und Richtungen anschauen und drehen und\u00a0erhalten dadurch einen r\u00e4umlichen, dreidimensionalen Eindruck ihres zuk\u00fcnftigen Hauses.<\/span><\/p>\n<address><span style=\"font-family: Tahoma,Arial,Helvetica,sans-serif; font-size: 10pt;\"><img data-recalc-dims=\"1\" fetchpriority=\"high\" decoding=\"async\" class=\"alignnone wp-image-2884\" src=\"http:\/\/moserchristian.files.wordpress.com\/2013\/07\/img_5234.jpg?resize=266%2C354\" alt=\"IMG_5234\" width=\"266\" height=\"354\" \/><a href=\"http:\/\/moserchristian.files.wordpress.com\/2013\/07\/img_5234.jpg\">\u00a0<\/a>\u00a0 \u00a0<img data-recalc-dims=\"1\" decoding=\"async\" src=\"http:\/\/moserchristian.files.wordpress.com\/2013\/07\/img_5233.jpg?resize=266%2C354\" alt=\"IMG_5233\" width=\"266\" height=\"354\" \/><\/span><\/address>\n<address><span style=\"font-family: Tahoma,Arial,Helvetica,sans-serif; font-size: 10pt;\">Sanierung und bauliche Erweiterung Wohnhaus P. in L\u00fcsen\u00a0<\/span><\/address>\n<address><span style=\"font-family: Tahoma,Arial,Helvetica,sans-serif; font-size: 10pt;\"><img data-recalc-dims=\"1\" decoding=\"async\" class=\"alignnone wp-image-2886\" src=\"http:\/\/moserchristian.files.wordpress.com\/2013\/07\/img_5211.jpg?resize=266%2C354\" alt=\"IMG_5211\" width=\"266\" height=\"354\" \/>\u00a0 \u00a0\u00a0<img data-recalc-dims=\"1\" loading=\"lazy\" decoding=\"async\" class=\"alignnone wp-image-2885\" src=\"http:\/\/moserchristian.files.wordpress.com\/2013\/07\/img_5209.jpg?resize=266%2C354\" alt=\"IMG_5209\" width=\"266\" height=\"354\" \/><\/span><\/address>\n<address><span style=\"font-family: Tahoma,Arial,Helvetica,sans-serif; font-size: 10pt;\">Sanierung und Ausbau Dachgeschosswohnung Wohnhaus K. \/ C. in Feldthurns\u00a0<\/span><\/address>\n<p><span style=\"font-family: Tahoma,Arial,Helvetica,sans-serif; font-size: 10pt;\">Ich habe es bisher immer so gehandhabt, dass die <strong>ENTWURFSMODELLE<\/strong> direkt im B\u00fcro von unseren Mitarbeitern angefertigt werden, weil sie dadurch auch eine willkommenen Abwechslung zur Computerarbeit erhalten. Die Fassaden werden am PC im Modellmassstab verkleinert, dann mit dem Drucker ausgedruckt und ausgeschnitten. Die Kanten der Grundplatten mit den Gel\u00e4ndeschichtenlinien lassen wir meist von Tischler mit einem feinen S\u00e4geblatt gerade schneiden. Als B\u00e4ume und Str\u00e4ucher dienen uns Schafgarbe, Styroporkugeln oder Schaumstoff.<\/span><\/p>\n<address><span style=\"font-family: Tahoma,Arial,Helvetica,sans-serif; font-size: 10pt;\"><img data-recalc-dims=\"1\" loading=\"lazy\" decoding=\"async\" src=\"http:\/\/moserchristian.files.wordpress.com\/2013\/06\/img_0016.jpg?resize=277%2C208\" alt=\"IMG_0016\" width=\"277\" height=\"208\" \/>\u00a0 \u00a0\u00a0<img data-recalc-dims=\"1\" loading=\"lazy\" decoding=\"async\" src=\"http:\/\/moserchristian.files.wordpress.com\/2013\/06\/img_0015.jpg?resize=277%2C208\" alt=\"IMG_0015\" width=\"277\" height=\"208\" \/>\u00a0<\/span><\/address>\n<address><span style=\"font-family: Tahoma,Arial,Helvetica,sans-serif; font-size: 10pt;\">Sanierung Wohnhaus P. Brixen<\/span><\/address>\n<p><span style=\"font-family: Tahoma,Arial,Helvetica,sans-serif; font-size: 10pt;\">Nachdem unsere Region von mehr oder weniger steilen Gel\u00e4ndeformationen gepr\u00e4gt wird kann die Anfertigung von\u00a0<strong>GEL\u00c4NDE- oder SCHICHTENLINIENMODELLEN<\/strong>\u00a0eine wertvolle Hilfe sein f\u00fcr eine realistische Darstellung der Gel\u00e4ndebeschaffenheit und f\u00fcr die Suche von nat\u00fcrlichen und baulichen Bez\u00fcgen im unmittelbaren Projektumfeld.<\/span><\/p>\n<address><span style=\"font-family: Tahoma,Arial,Helvetica,sans-serif; font-size: 10pt;\"><img data-recalc-dims=\"1\" loading=\"lazy\" decoding=\"async\" class=\"alignnone wp-image-2791\" src=\"http:\/\/moserchristian.files.wordpress.com\/2013\/06\/dscf2204.jpg?resize=295%2C235\" alt=\"DSCF2204\" width=\"295\" height=\"235\" \/>\u00a0 \u00a0 \u00a0<img data-recalc-dims=\"1\" loading=\"lazy\" decoding=\"async\" class=\"alignnone wp-image-2790\" src=\"http:\/\/moserchristian.files.wordpress.com\/2013\/06\/dscf0067.jpg?resize=295%2C235\" alt=\"DSCF0067\" width=\"295\" height=\"235\" \/><\/span><\/address>\n<address><span style=\"font-family: Tahoma,Arial,Helvetica,sans-serif; font-size: 10pt;\">Wohnhaus S. Albeins \u00a0 \u00a0 \u00a0 \u00a0 \u00a0 \u00a0 \u00a0 \u00a0 \u00a0 \u00a0 \u00a0 \u00a0 \u00a0 \u00a0 \u00a0 \u00a0 \u00a0 \u00a0 \u00a0 \u00a0 \u00a0 \u00a0 \u00a0 \u00a0 \u00a0 \u00a0 \u00a0 \u00a0 \u00a0 \u00a0 \u00a0 \u00a0 \u00a0 \u00a0 \u00a0 \u00a0 \u00a0 Wohnhaus T. Oberbozen<\/span><\/address>\n<p><span style=\"font-family: Tahoma,Arial,Helvetica,sans-serif; font-size: 10pt;\">Wird in bestehenden baulichen Kontexten geplant ist die Anfertigung von\u00a0<strong>BAUMASSENMODELLEN<\/strong>\u00a0von Vorteil. Die Verteilung der Baumassen sowie die Einbindung in den baulichen Kontext k\u00f6nnen dadurch sehr gut hervorgehoben werden.<\/span><\/p>\n<address><span style=\"font-family: Tahoma,Arial,Helvetica,sans-serif; font-size: 10pt;\"><img data-recalc-dims=\"1\" loading=\"lazy\" decoding=\"async\" src=\"http:\/\/moserchristian.files.wordpress.com\/2013\/06\/dscn3337.jpg?resize=302%2C227\" alt=\"DSCN3337\" width=\"302\" height=\"227\" \/>\u00a0 \u00a0\u00a0<img data-recalc-dims=\"1\" loading=\"lazy\" decoding=\"async\" src=\"http:\/\/moserchristian.files.wordpress.com\/2013\/06\/fotoarchiv-6928.jpg?resize=311%2C234\" alt=\"Fotoarchiv - 6928\" width=\"311\" height=\"234\" \/><\/span><\/address>\n<address><span style=\"font-family: Tahoma,Arial,Helvetica,sans-serif; font-size: 10pt;\">Entwurf einer Wohnsiedlung \u00a0 \u00a0 \u00a0 \u00a0 \u00a0 \u00a0 \u00a0 \u00a0 \u00a0 \u00a0 \u00a0 \u00a0 \u00a0 \u00a0 \u00a0 \u00a0 \u00a0 \u00a0 \u00a0 \u00a0 \u00a0 \u00a0 \u00a0 \u00a0 \u00a0 \u00a0 \u00a0 \u00a0 \u00a0 Wohnhaus B. Karnol<\/span><\/address>\n<address><span style=\"font-family: Tahoma,Arial,Helvetica,sans-serif; font-size: 10pt;\">\u00a0<\/span><\/address>\n<address><span style=\"font-family: Tahoma,Arial,Helvetica,sans-serif; font-size: 10pt;\"><img data-recalc-dims=\"1\" loading=\"lazy\" decoding=\"async\" class=\"alignnone wp-image-2900\" src=\"http:\/\/moserchristian.files.wordpress.com\/2013\/11\/img_2861.jpg?resize=307%2C230\" alt=\"IMG_2861\" width=\"307\" height=\"230\" \/>\u00a0 \u00a0 <img data-recalc-dims=\"1\" loading=\"lazy\" decoding=\"async\" class=\"alignnone wp-image-2899\" src=\"http:\/\/moserchristian.files.wordpress.com\/2013\/11\/img_2860.jpg?resize=307%2C230\" alt=\"IMG_2860\" width=\"307\" height=\"230\" \/><\/span><\/address>\n<address><span style=\"font-family: Tahoma,Arial,Helvetica,sans-serif; font-size: 10pt;\">Wohnhaus E. Villanders<\/span><\/address>\n<p><span style=\"font-family: Tahoma,Arial,Helvetica,sans-serif; font-size: 10pt;\">Die Darstellung desselben Projektes im <strong>VIRTUELLEN GEB\u00c4UDEMODELL<\/strong> kann zwar spektakul\u00e4r und effektvoll sein, aufgrund seiner Zweidimensionalit\u00e4t aber nichts \u00fcber die Plastizit\u00e4t und die Schattenwirkung des Bauk\u00f6rpers vermitteln.<\/span><\/p>\n<address><span style=\"font-family: Tahoma,Arial,Helvetica,sans-serif; font-size: 10pt;\"><img data-recalc-dims=\"1\" loading=\"lazy\" decoding=\"async\" class=\"alignnone wp-image-2913\" src=\"http:\/\/moserchristian.files.wordpress.com\/2013\/11\/474_perspektive.jpg?resize=512%2C384\" alt=\"474_Perspektive\" width=\"512\" height=\"384\" \/><\/span><\/address>\n<address><span style=\"font-family: Tahoma,Arial,Helvetica,sans-serif; font-size: 10pt;\">Wohnhaus E. Villanders<\/span><\/address>\n<p><span style=\"font-family: Tahoma,Arial,Helvetica,sans-serif; font-size: 10pt;\">Auch in st\u00e4dtischen bzw. d\u00f6rflichen Kontexten dienen Arbeitsmodelle\u00a0zum besseren Verst\u00e4ndnis von Geb\u00e4udedimensionen und Zwischenr\u00e4umen. Daher werden bei Planungswettbewerben sehr oft <strong>ST\u00c4DTEBAULICHE MODELLE<\/strong> verlangt, auf denen auch die umliegenden Geb\u00e4ude dargestellt werden.<\/span><\/p>\n<p><span style=\"font-family: Tahoma,Arial,Helvetica,sans-serif; font-size: 10pt;\"><img data-recalc-dims=\"1\" loading=\"lazy\" decoding=\"async\" src=\"http:\/\/moserchristian.files.wordpress.com\/2013\/06\/257-020518-modell-17.jpg?resize=288%2C215\" alt=\"257-020518 modell 17\" width=\"288\" height=\"215\" \/>\u00a0 \u00a0 \u00a0 \u00a0 \u00a0 \u00a0 \u00a0<img data-recalc-dims=\"1\" loading=\"lazy\" decoding=\"async\" src=\"http:\/\/moserchristian.files.wordpress.com\/2013\/06\/352-070824-modellfotos-01.jpg?resize=284%2C212\" alt=\"352-070824 modellfotos 01\" width=\"284\" height=\"212\" \/><\/span><\/p>\n<address><span style=\"font-family: Tahoma,Arial,Helvetica,sans-serif; font-size: 10pt;\"><img data-recalc-dims=\"1\" loading=\"lazy\" decoding=\"async\" src=\"http:\/\/moserchristian.files.wordpress.com\/2013\/06\/fotoarchiv-6968.jpg?resize=314%2C210\" alt=\"Fotoarchiv - 6968\" width=\"314\" height=\"210\" \/>\u00a0 \u00a0\u00a0<img data-recalc-dims=\"1\" loading=\"lazy\" decoding=\"async\" src=\"http:\/\/moserchristian.files.wordpress.com\/2013\/06\/dscn3427.jpg?resize=284%2C213\" alt=\"DSCN3427\" width=\"284\" height=\"213\" \/><\/span><\/address>\n<address><span style=\"font-family: Tahoma,Arial,Helvetica,sans-serif; font-size: 10pt;\">verschiedene Wettbewerbsbeitr\u00e4ge<\/span><\/address>\n<p><span style=\"font-family: Tahoma,Arial,Helvetica,sans-serif; font-size: 10pt;\">M\u00f6chte man mehr Details darstellen, so kann dies durch die Verwendung verschiedener Materialien oder auch durch die Ver\u00e4nderung des Modellma\u00dfstabes erreicht werden. Es entstehen sehr sorgf\u00e4ltig ausgearbeitete <strong>PR\u00c4SENTATIONSMODELLE<\/strong>, welche nat\u00fcrlich auch mehr Zeit in\u00a0Anspruch nehmen.<\/span><\/p>\n<address><span style=\"font-family: Tahoma,Arial,Helvetica,sans-serif; font-size: 10pt;\"><em><img data-recalc-dims=\"1\" loading=\"lazy\" decoding=\"async\" src=\"http:\/\/moserchristian.files.wordpress.com\/2013\/07\/fwhnals1.jpg?resize=307%2C203\" alt=\"FWHNALS1\" width=\"307\" height=\"203\" \/><\/em><\/span><\/address>\n<address><span style=\"font-family: Tahoma,Arial,Helvetica,sans-serif; font-size: 10pt;\"><em>Feuerwehrhalle NALS<\/em><\/span><\/address>\n<address><span style=\"font-family: Tahoma,Arial,Helvetica,sans-serif; font-size: 10pt;\"><img data-recalc-dims=\"1\" loading=\"lazy\" decoding=\"async\" class=\"alignnone wp-image-2787\" src=\"http:\/\/moserchristian.files.wordpress.com\/2013\/06\/dscf0016-e1383749082391.jpg?resize=311%2C415\" alt=\"DSCF0016\" width=\"311\" height=\"415\" \/><\/span><\/address>\n<address><span style=\"font-family: Tahoma,Arial,Helvetica,sans-serif; font-size: 10pt;\">Wohnhaus N. Brixen<\/span><\/address>\n<address><span style=\"font-family: Tahoma,Arial,Helvetica,sans-serif; font-size: 10pt;\">\u00a0<\/span><\/address>\n<p><span style=\"font-family: Tahoma,Arial,Helvetica,sans-serif; font-size: 10pt;\">Oft wird der Bestand als Baumassenmodell in grau dargestellt und das Projekt andersfarbig mit h\u00f6herem Detaillierungsgrad hervorgehoben.<\/span><\/p>\n<p><span style=\"font-family: Tahoma,Arial,Helvetica,sans-serif; font-size: 10pt;\"><img data-recalc-dims=\"1\" loading=\"lazy\" decoding=\"async\" src=\"http:\/\/moserchristian.files.wordpress.com\/2013\/06\/img_0148.jpg?resize=292%2C220\" alt=\"IMG_0148\" width=\"292\" height=\"220\" \/>\u00a0 \u00a0\u00a0<img data-recalc-dims=\"1\" loading=\"lazy\" decoding=\"async\" src=\"http:\/\/moserchristian.files.wordpress.com\/2013\/06\/img_0132.jpg?resize=298%2C225\" alt=\"IMG_0132\" width=\"298\" height=\"225\" \/><\/span><\/p>\n<address><span style=\"font-family: Tahoma,Arial,Helvetica,sans-serif; font-size: 10pt;\"><img data-recalc-dims=\"1\" loading=\"lazy\" decoding=\"async\" src=\"http:\/\/moserchristian.files.wordpress.com\/2013\/06\/img_0133.jpg?resize=510%2C384\" alt=\"IMG_0133\" width=\"510\" height=\"384\" \/><\/span><\/address>\n<address><span class=\"Apple-style-span\" style=\"font-family: Tahoma,Arial,Helvetica,sans-serif; font-size: 10pt;\">Waldorfschule und -kindergarten B\u00dcHLERHOF Sarns<\/span><\/address>\n<address><span style=\"font-family: Tahoma,Arial,Helvetica,sans-serif; font-size: 10pt;\">\u00a0<\/span><\/address>\n<address><span style=\"font-family: Tahoma,Arial,Helvetica,sans-serif; font-size: 10pt;\"><img data-recalc-dims=\"1\" loading=\"lazy\" decoding=\"async\" class=\"alignnone wp-image-2769\" src=\"http:\/\/moserchristian.files.wordpress.com\/2013\/06\/img_0186-e1383749151475.jpg?resize=512%2C682\" alt=\"IMG_0186\" width=\"512\" height=\"682\" \/><\/span><\/address>\n<address><span style=\"font-family: Tahoma,Arial,Helvetica,sans-serif; font-size: 10pt;\">Wettbewerbsbeitrag Bibliothek INNICHEN<\/span><\/address>\n<p><span style=\"font-family: Tahoma,Arial,Helvetica,sans-serif; font-size: 10pt;\">Immer schon fasziniert hat mich die Raumgestaltung. Auch hier haben <strong>INNENRAUMMODELLE<\/strong> in geeignetem Masstab &#8211; meist 1:50 oder 1:20 &#8211; den Projektbeteiligten wertvolle Erkenntnisse bei der Planungsarbeit liefern k\u00f6nnen.<\/span><\/p>\n<address><span style=\"font-family: Tahoma,Arial,Helvetica,sans-serif; font-size: 10pt;\"><img data-recalc-dims=\"1\" loading=\"lazy\" decoding=\"async\" src=\"http:\/\/moserchristian.files.wordpress.com\/2013\/06\/dscf0012.jpg?resize=307%2C230\" alt=\"DSCF0012\" width=\"307\" height=\"230\" \/>\u00a0 \u00a0\u00a0<img data-recalc-dims=\"1\" loading=\"lazy\" decoding=\"async\" class=\"alignnone wp-image-2788\" src=\"http:\/\/moserchristian.files.wordpress.com\/2013\/06\/dscf0017.jpg?resize=307%2C230\" alt=\"DSCF0017\" width=\"307\" height=\"230\" \/><\/span><\/address>\n<address><span style=\"font-family: Tahoma,Arial,Helvetica,sans-serif; font-size: 10pt;\">TIS Bozen<\/span><\/address>\n<address><span style=\"font-family: Tahoma,Arial,Helvetica,sans-serif; font-size: 10pt;\">\u00a0<\/span><\/address>\n<address><span style=\"font-family: Tahoma,Arial,Helvetica,sans-serif; font-size: 10pt;\"><img data-recalc-dims=\"1\" loading=\"lazy\" decoding=\"async\" class=\"alignnone wp-image-2786\" src=\"http:\/\/moserchristian.files.wordpress.com\/2013\/06\/dscn0193.jpg?resize=307%2C230\" alt=\"DSCN0193\" width=\"307\" height=\"230\" \/>\u00a0 \u00a0\u00a0<img data-recalc-dims=\"1\" loading=\"lazy\" decoding=\"async\" class=\"alignnone wp-image-2785\" src=\"http:\/\/moserchristian.files.wordpress.com\/2013\/06\/dscf0061.jpg?resize=276%2C221\" alt=\"DSCF0061\" width=\"276\" height=\"221\" \/><\/span><\/address>\n<address><span style=\"font-family: Tahoma,Arial,Helvetica,sans-serif; font-size: 10pt;\">Wettbewerbsstudie Ratsaal Gemeinde Bruneck<\/span><\/address>\n<address><span style=\"font-family: Tahoma,Arial,Helvetica,sans-serif; font-size: 10pt;\">\u00a0<\/span><\/address>\n<address><span style=\"font-family: Tahoma,Arial,Helvetica,sans-serif; font-size: 10pt;\"><img data-recalc-dims=\"1\" loading=\"lazy\" decoding=\"async\" class=\"alignnone wp-image-2778\" src=\"http:\/\/moserchristian.files.wordpress.com\/2013\/06\/060523-modellfotos-06.jpg?resize=298%2C225\" alt=\"060523 modellfoto's 06\" width=\"298\" height=\"225\" \/>\u00a0 \u00a0\u00a0<img data-recalc-dims=\"1\" loading=\"lazy\" decoding=\"async\" class=\"alignnone wp-image-2779\" src=\"http:\/\/moserchristian.files.wordpress.com\/2013\/06\/060523-modellfotos-13.jpg?resize=304%2C229\" alt=\"060523 modellfoto's 13\" width=\"304\" height=\"229\" \/><\/span><\/address>\n<address><span style=\"font-family: Tahoma,Arial,Helvetica,sans-serif; font-size: 10pt;\">Wettbewerbsbeitrag VOLKSBANK Brixen<\/span><\/address>\n<address><span style=\"font-family: Tahoma,Arial,Helvetica,sans-serif; font-size: 10pt;\">\u00a0<\/span><\/address>\n<p><span style=\"font-family: Tahoma,Arial,Helvetica,sans-serif; font-size: 10pt;\">Mit verschiedenen Arten von Papieren und Kartonen kann man die Oberfl\u00e4chengestaltung und die Farbkombinationen simulieren, das Einf\u00fcgen von Menschen vermittelt dem Betrachter \u00a0ein Gef\u00fchl f\u00fcr die Abmessungen der R\u00e4ume.<\/span><\/p>\n<address><span style=\"font-family: Tahoma,Arial,Helvetica,sans-serif; font-size: 10pt;\"><img data-recalc-dims=\"1\" loading=\"lazy\" decoding=\"async\" src=\"http:\/\/moserchristian.files.wordpress.com\/2013\/06\/fotoarchiv-5123.jpg?resize=307%2C230\" alt=\"Fotoarchiv - 5123\" width=\"307\" height=\"230\" \/>\u00a0 \u00a0\u00a0<img data-recalc-dims=\"1\" loading=\"lazy\" decoding=\"async\" class=\"alignnone wp-image-2770\" src=\"http:\/\/moserchristian.files.wordpress.com\/2013\/06\/fotoarchiv-4299.jpg?resize=166%2C221\" alt=\"Fotoarchiv - 4299\" width=\"166\" height=\"221\" \/><\/span><\/address>\n<address><span style=\"font-family: Tahoma,Arial,Helvetica,sans-serif; font-size: 10pt;\">Sonnenstudio Bruneck \u00a0 \u00a0 \u00a0 \u00a0 \u00a0 \u00a0 \u00a0 \u00a0 \u00a0 \u00a0\u00a0\u00a0\u00a0\u00a0\u00a0\u00a0\u00a0\u00a0\u00a0\u00a0\u00a0\u00a0\u00a0\u00a0\u00a0\u00a0\u00a0\u00a0\u00a0\u00a0\u00a0 Modegesch\u00e4ft\u00a0 in Bruneck\u00a0<\/span><\/address>\n<address><span style=\"font-family: Tahoma,Arial,Helvetica,sans-serif; font-size: 10pt;\">\u00a0<\/span><\/address>\n<p><span style=\"font-family: Tahoma,Arial,Helvetica,sans-serif; font-size: 10pt;\">Unter Zuhilfenahme von einfachen Tricks, wie z. B. die Verwendung einer Taschenlampe, k\u00f6nnen Beleuchtungs- und Belichtungsverh\u00e4ltnisse in den Innenr\u00e4umen simuliert werden.<\/span><\/p>\n<address><span style=\"font-family: Tahoma,Arial,Helvetica,sans-serif; font-size: 10pt;\"><img data-recalc-dims=\"1\" loading=\"lazy\" decoding=\"async\" class=\"alignnone wp-image-2771\" src=\"http:\/\/moserchristian.files.wordpress.com\/2013\/06\/fotoarchiv-5407.jpg?resize=230%2C307\" alt=\"Fotoarchiv - 5407\" width=\"230\" height=\"307\" \/>\u00a0 \u00a0\u00a0<img data-recalc-dims=\"1\" loading=\"lazy\" decoding=\"async\" src=\"http:\/\/moserchristian.files.wordpress.com\/2013\/06\/img_2278.jpg?resize=230%2C307\" alt=\"IMG_2278\" width=\"230\" height=\"307\" \/><\/span><\/address>\n<address><span style=\"font-family: Tahoma,Arial,Helvetica,sans-serif; font-size: 10pt;\">Modell und Wirklichkeit: Beichtzimmer Pfarrkirche STERZING<\/span><\/address>\n<address><span style=\"font-family: Tahoma,Arial,Helvetica,sans-serif; font-size: 10pt;\">\u00a0<\/span><\/address>\n<p><span style=\"font-family: Tahoma,Arial,Helvetica,sans-serif; font-size: 10pt;\">Aus Erfahrung kann ich schlussendlich sagen, dass sich die Anfertigung eines Arbeitsmodells \u00a0im Verlauf der Planung lohnt, sowohl im Hinblick auf das Erkennen von gestalterischen M\u00f6glichkeiten als auch zur Veranschaulichung der eigenen Entwurfsmotivationen.<\/span><\/p>\n","protected":false},"excerpt":{"rendered":"<p>&#8230;Das Architekturmodell ist ein Arbeits- und Entwurfswerkzeug des Architekten und ein Teil der Architekturdarstellung wie die Pr\u00e4sentationszeichnung. Anhand von Entwurfsmodellen k\u00f6nnen Architekten und Bauherren sehr schnell die Kubatur eines Entwurfes sowie die r\u00e4umlichen Zusammenh\u00e4nge erfassen und bewerten. Gerade f\u00fcr Laien, die im Lesen von Architekturzeichnungen unge\u00fcbt sind, ist ein Modell oft anschaulicher als zweidimensionale Darstellungen\u00a0\u2026\u00a0(Quelle: [&hellip;]<\/p>\n","protected":false},"author":1,"featured_media":3554,"comment_status":"closed","ping_status":"closed","sticky":false,"template":"","format":"standard","meta":{"ngg_post_thumbnail":0,"_jetpack_memberships_contains_paid_content":false,"footnotes":""},"categories":[2,3],"tags":[],"class_list":["post-2793","post","type-post","status-publish","format-standard","has-post-thumbnail","hentry","category-architektur","category-eigene-projekte"],"jetpack_featured_media_url":"https:\/\/i0.wp.com\/arch-moser.it\/wp-content\/uploads\/2013\/11\/modell.jpg?fit=500%2C399&ssl=1","jetpack_sharing_enabled":true,"_links":{"self":[{"href":"https:\/\/arch-moser.it\/it\/wp-json\/wp\/v2\/posts\/2793","targetHints":{"allow":["GET"]}}],"collection":[{"href":"https:\/\/arch-moser.it\/it\/wp-json\/wp\/v2\/posts"}],"about":[{"href":"https:\/\/arch-moser.it\/it\/wp-json\/wp\/v2\/types\/post"}],"author":[{"embeddable":true,"href":"https:\/\/arch-moser.it\/it\/wp-json\/wp\/v2\/users\/1"}],"replies":[{"embeddable":true,"href":"https:\/\/arch-moser.it\/it\/wp-json\/wp\/v2\/comments?post=2793"}],"version-history":[{"count":10,"href":"https:\/\/arch-moser.it\/it\/wp-json\/wp\/v2\/posts\/2793\/revisions"}],"predecessor-version":[{"id":4528,"href":"https:\/\/arch-moser.it\/it\/wp-json\/wp\/v2\/posts\/2793\/revisions\/4528"}],"wp:featuredmedia":[{"embeddable":true,"href":"https:\/\/arch-moser.it\/it\/wp-json\/wp\/v2\/media\/3554"}],"wp:attachment":[{"href":"https:\/\/arch-moser.it\/it\/wp-json\/wp\/v2\/media?parent=2793"}],"wp:term":[{"taxonomy":"category","embeddable":true,"href":"https:\/\/arch-moser.it\/it\/wp-json\/wp\/v2\/categories?post=2793"},{"taxonomy":"post_tag","embeddable":true,"href":"https:\/\/arch-moser.it\/it\/wp-json\/wp\/v2\/tags?post=2793"}],"curies":[{"name":"wp","href":"https:\/\/api.w.org\/{rel}","templated":true}]}}