{"id":1540,"date":"2012-02-06T20:09:54","date_gmt":"2012-02-06T20:09:54","guid":{"rendered":"http:\/\/moserchristian.wordpress.com\/?p=1540"},"modified":"2016-04-09T11:55:51","modified_gmt":"2016-04-09T09:55:51","slug":"mittelschule-klausen-schluss-strich-mit-positiver-bilanz","status":"publish","type":"post","link":"https:\/\/arch-moser.it\/it\/mittelschule-klausen-schluss-strich-mit-positiver-bilanz\/","title":{"rendered":"Mittelschule Klausen -> Schluss Strich mit positiver Bilanz"},"content":{"rendered":"<p><a href=\"http:\/\/moserchristian.files.wordpress.com\/2012\/02\/msklausen.jpg\"><img data-recalc-dims=\"1\" fetchpriority=\"high\" decoding=\"async\" class=\"alignnone size-full wp-image-1547\" title=\"MSKlausen\" src=\"http:\/\/moserchristian.files.wordpress.com\/2012\/02\/msklausen.jpg?resize=640%2C424\" alt=\"\" width=\"640\" height=\"424\" srcset=\"https:\/\/i0.wp.com\/arch-moser.it\/wp-content\/uploads\/2012\/02\/msklausen.jpg?w=800&amp;ssl=1 800w, https:\/\/i0.wp.com\/arch-moser.it\/wp-content\/uploads\/2012\/02\/msklausen.jpg?resize=300%2C199&amp;ssl=1 300w\" sizes=\"(max-width: 640px) 100vw, 640px\" \/><\/a><\/p>\n<p>Durchaus positiv verlief \u00a0neulich die Besichtigung der R\u00e4umlichkeiten in der Mittelschule in Klausen.\u00a0Im Beisein von Direktor Dr. Kurt Gasser, B\u00fcrgermeisterin Frau Maria Gasser Fink und Arch. Josef March, welcher sich kurze Zeit vorher mit seinen Mitarbeitern angek\u00fcndigt hatte, f\u00fchrte Arch. Walter Brida die Delegation durch die verschiedenen R\u00e4umlichkeiten und erkl\u00e4rte den Anwesenden das architektonische Konzept und die wesentlichen baulichen Eingriffe.<\/p>\n<p><a href=\"http:\/\/moserchristian.files.wordpress.com\/2012\/01\/dscn3444.jpg\"><img data-recalc-dims=\"1\" decoding=\"async\" class=\"alignnone wp-image-1520\" title=\"DSCN3444\" src=\"http:\/\/moserchristian.files.wordpress.com\/2012\/01\/dscn3444.jpg?resize=307%2C230\" alt=\"\" width=\"307\" height=\"230\" \/><\/a>\u00a0\u00a0<a href=\"http:\/\/moserchristian.files.wordpress.com\/2012\/01\/dscn3441.jpg\"><img data-recalc-dims=\"1\" decoding=\"async\" class=\"alignnone wp-image-1518\" title=\"DSCN3441\" src=\"http:\/\/moserchristian.files.wordpress.com\/2012\/01\/dscn3441.jpg?resize=307%2C230\" alt=\"\" width=\"307\" height=\"230\" \/><\/a><\/p>\n<p>Arch. March wies darauf hin, dass die Verlegung des Haupteinganges in die Mitte\u00a0des lang gestreckten Geb\u00e4udes\u00a0eine grundlegende Verbesserung der Erschliessung darstellt. Seine zus\u00e4tzliche gestalterische Akzentuierung durch das zentrale Foyer, die dar\u00fcber liegende, zweigeschossige Bibliothek, die ebenfalls zentrale Positionierung der Schulverwaltung sowie die Optimierung der nat\u00fcrlichen Treppenhausbelichtung waren ebenfalls Massnahmen, welche das ohnehin schon sehr funktionell konzipierte Geb\u00e4ude \u00a0zus\u00e4tzlich aufwerten.<\/p>\n<p><a href=\"http:\/\/moserchristian.files.wordpress.com\/2012\/01\/dscn3442.jpg\"><img data-recalc-dims=\"1\" loading=\"lazy\" decoding=\"async\" title=\"DSCN3442\" src=\"http:\/\/moserchristian.files.wordpress.com\/2012\/01\/dscn3442.jpg?resize=230%2C307\" alt=\"\" width=\"230\" height=\"307\" \/><\/a><\/p>\n<p>Das ansprechende Farbkonzept von Frau Sonja Hofer verleiht dem Geb\u00e4ude jugendliche Frische und unterteilt es au\u00dfen in verschiedene Bauk\u00f6rper und innen in einzelne \u00fcberschaubare Teilbereiche.<\/p>\n<p><a href=\"http:\/\/moserchristian.files.wordpress.com\/2012\/01\/dscn3439.jpg\"><img data-recalc-dims=\"1\" loading=\"lazy\" decoding=\"async\" class=\"alignnone wp-image-1517\" title=\"DSCN3439\" src=\"http:\/\/moserchristian.files.wordpress.com\/2012\/01\/dscn3439.jpg?resize=384%2C288\" alt=\"\" width=\"384\" height=\"288\" \/><\/a><\/p>\n<p>B\u00fcrgermeisterin Frau Maria Gasser Fink lobte Arch. Brida f\u00fcr seinen vorbildlichen Einsatz w\u00e4hrend der Bauarbeiten und f\u00fcr die konsequente Organisation und Koordination, so dass der ohnehin sehr knapp gehaltene Zeitplan eingehalten werden konnte und kein einziger Schultag wegen der Bauarbeiten verloren ging.<\/p>\n","protected":false},"excerpt":{"rendered":"<p>Durchaus positiv verlief \u00a0neulich die Besichtigung der R\u00e4umlichkeiten in der Mittelschule in Klausen.\u00a0Im Beisein von Direktor Dr. Kurt Gasser, B\u00fcrgermeisterin Frau Maria Gasser Fink und Arch. Josef March, welcher sich kurze Zeit vorher mit seinen Mitarbeitern angek\u00fcndigt hatte, f\u00fchrte Arch. Walter Brida die Delegation durch die verschiedenen R\u00e4umlichkeiten und erkl\u00e4rte den Anwesenden das architektonische Konzept [&hellip;]<\/p>\n","protected":false},"author":1,"featured_media":3555,"comment_status":"open","ping_status":"closed","sticky":false,"template":"","format":"standard","meta":{"ngg_post_thumbnail":0,"_jetpack_memberships_contains_paid_content":false,"footnotes":""},"categories":[3],"tags":[],"class_list":["post-1540","post","type-post","status-publish","format-standard","has-post-thumbnail","hentry","category-eigene-projekte"],"jetpack_featured_media_url":"https:\/\/i0.wp.com\/arch-moser.it\/wp-content\/uploads\/2012\/02\/msklausen-1.jpg?fit=500%2C331&ssl=1","jetpack_sharing_enabled":true,"_links":{"self":[{"href":"https:\/\/arch-moser.it\/it\/wp-json\/wp\/v2\/posts\/1540","targetHints":{"allow":["GET"]}}],"collection":[{"href":"https:\/\/arch-moser.it\/it\/wp-json\/wp\/v2\/posts"}],"about":[{"href":"https:\/\/arch-moser.it\/it\/wp-json\/wp\/v2\/types\/post"}],"author":[{"embeddable":true,"href":"https:\/\/arch-moser.it\/it\/wp-json\/wp\/v2\/users\/1"}],"replies":[{"embeddable":true,"href":"https:\/\/arch-moser.it\/it\/wp-json\/wp\/v2\/comments?post=1540"}],"version-history":[{"count":1,"href":"https:\/\/arch-moser.it\/it\/wp-json\/wp\/v2\/posts\/1540\/revisions"}],"predecessor-version":[{"id":3556,"href":"https:\/\/arch-moser.it\/it\/wp-json\/wp\/v2\/posts\/1540\/revisions\/3556"}],"wp:featuredmedia":[{"embeddable":true,"href":"https:\/\/arch-moser.it\/it\/wp-json\/wp\/v2\/media\/3555"}],"wp:attachment":[{"href":"https:\/\/arch-moser.it\/it\/wp-json\/wp\/v2\/media?parent=1540"}],"wp:term":[{"taxonomy":"category","embeddable":true,"href":"https:\/\/arch-moser.it\/it\/wp-json\/wp\/v2\/categories?post=1540"},{"taxonomy":"post_tag","embeddable":true,"href":"https:\/\/arch-moser.it\/it\/wp-json\/wp\/v2\/tags?post=1540"}],"curies":[{"name":"wp","href":"https:\/\/api.w.org\/{rel}","templated":true}]}}