{"id":5290,"date":"2018-10-21T17:01:09","date_gmt":"2018-10-21T15:01:09","guid":{"rendered":"https:\/\/arch-moser.it\/?p=5290"},"modified":"2019-12-28T11:23:14","modified_gmt":"2019-12-28T10:23:14","slug":"stadthaus-in-der-altstadt-von-sterzing-bauen-im-bestand","status":"publish","type":"post","link":"https:\/\/arch-moser.it\/de\/stadthaus-in-der-altstadt-von-sterzing-bauen-im-bestand\/","title":{"rendered":"im Zentrum von Sterzing &#8211; Bauen im Bestand"},"content":{"rendered":"<div style=\"width: 800px;\" class=\"wp-video\"><video class=\"wp-video-shortcode\" id=\"video-5290-1\" width=\"800\" height=\"461\" loop autoplay preload=\"metadata\" controls=\"controls\"><source type=\"video\/mp4\" src=\"https:\/\/arch-moser.it\/wp-content\/uploads\/2018\/10\/Dreamsmore_GARTNER-1.m4v?_=1\" \/><a href=\"https:\/\/arch-moser.it\/wp-content\/uploads\/2018\/10\/Dreamsmore_GARTNER-1.m4v\">https:\/\/arch-moser.it\/wp-content\/uploads\/2018\/10\/Dreamsmore_GARTNER-1.m4v<\/a><\/video><\/div>\n<p>&nbsp;<\/p>\n<p><span style=\"font-family: Tahoma, Arial, Helvetica, sans-serif;\">Die Sanierung dieses historischen Stadthauses in Sterzing optimiert in erster Linie die Erschlie\u00dfung der verschiedenen Ebenen, indem die Gesch\u00e4ftstreppe zum Haupttreppenhaus umfunktioniert wurde.\u00a0 \u00dcber den internen Lichthof k\u00f6nnen somit die B\u00fcror\u00e4ume im 1. Obergeschoss und die beiden neuen Wohnungen im 2. Obergeschoss erschlossen werden.<\/span><\/p>\n<p><a href=\"https:\/\/i0.wp.com\/arch-moser.it\/wp-content\/uploads\/2018\/10\/UNADJUSTEDNONRAW_thumb_2ded.jpg?ssl=1\"><img data-recalc-dims=\"1\" fetchpriority=\"high\" decoding=\"async\" class=\"alignnone wp-image-5233\" src=\"https:\/\/i0.wp.com\/arch-moser.it\/wp-content\/uploads\/2018\/10\/UNADJUSTEDNONRAW_thumb_2ded.jpg?resize=634%2C844&#038;ssl=1\" alt=\"\" width=\"634\" height=\"844\" srcset=\"https:\/\/i0.wp.com\/arch-moser.it\/wp-content\/uploads\/2018\/10\/UNADJUSTEDNONRAW_thumb_2ded.jpg?w=500&amp;ssl=1 500w, https:\/\/i0.wp.com\/arch-moser.it\/wp-content\/uploads\/2018\/10\/UNADJUSTEDNONRAW_thumb_2ded.jpg?resize=113%2C150&amp;ssl=1 113w, https:\/\/i0.wp.com\/arch-moser.it\/wp-content\/uploads\/2018\/10\/UNADJUSTEDNONRAW_thumb_2ded.jpg?resize=225%2C300&amp;ssl=1 225w\" sizes=\"(max-width: 634px) 100vw, 634px\" \/><\/a><\/p>\n<p><span style=\"font-family: Tahoma, Arial, Helvetica, sans-serif;\">Das Gesch\u00e4ft im Erdgeschoss wurde erweitert und erh\u00e4lt nun Lagerfl\u00e4chen im Kellergeschoss (ex Heizraum) und ebenerdig in Richtung Hinterhof, von dem aus eine 3. Wohnung im 1. Obergeschoss erschlossen wird. Die bestehenden baulichen Strukturen wurden mit Unterst\u00fctzung des Amtes f\u00fcr Bau- und Kunstdenkm\u00e4ler behutsam saniert bzw. restauriert. Erg\u00e4nzungen und Erneuerungen, wie z.B. die Natursteinb\u00f6den in den Gemeinschaftsbereichen, die gotische Bohlendecke, die schmiedeisernen Gel\u00e4nderelemente und die Aussenabschl\u00fcsse, wurden behutsam mit sorgfaltig gew\u00e4hlten Materialien und individuellen Detailausbildungen durchgef\u00fchrt. Eine intensive Ausseindandersetzung mit dem Bestand, eine engagierte Baustellenf\u00fchrung, ein konstruktiver Dialog auf Augenh\u00f6he mit allen ausf\u00fchrenden unternehmen und vor allem das Vertrauen des Bauherren waren ausschlaggebend f\u00fcr den Erfolg, der bei alle Projektbeteiligten beim abschlie\u00dfenden open day zu versp\u00fcren war.<\/span><\/p>\n<pre><a href=\"https:\/\/i0.wp.com\/arch-moser.it\/wp-content\/uploads\/2018\/10\/historische-Ansicht.jpg?ssl=1\"><img data-recalc-dims=\"1\" decoding=\"async\" class=\"alignnone wp-image-5284\" src=\"https:\/\/i0.wp.com\/arch-moser.it\/wp-content\/uploads\/2018\/10\/historische-Ansicht.jpg?resize=500%2C666&#038;ssl=1\" alt=\"\" width=\"500\" height=\"666\" srcset=\"https:\/\/i0.wp.com\/arch-moser.it\/wp-content\/uploads\/2018\/10\/historische-Ansicht.jpg?w=500&amp;ssl=1 500w, https:\/\/i0.wp.com\/arch-moser.it\/wp-content\/uploads\/2018\/10\/historische-Ansicht.jpg?resize=113%2C150&amp;ssl=1 113w, https:\/\/i0.wp.com\/arch-moser.it\/wp-content\/uploads\/2018\/10\/historische-Ansicht.jpg?resize=225%2C300&amp;ssl=1 225w\" sizes=\"(max-width: 500px) 100vw, 500px\" \/><\/a><\/pre>\n<pre><a href=\"https:\/\/i0.wp.com\/arch-moser.it\/wp-content\/uploads\/2019\/12\/UNADJUSTEDNONRAW_thumb_474e.jpg?ssl=1\"><img data-recalc-dims=\"1\" decoding=\"async\" class=\"alignnone size-full wp-image-5904\" src=\"https:\/\/i0.wp.com\/arch-moser.it\/wp-content\/uploads\/2019\/12\/UNADJUSTEDNONRAW_thumb_474e.jpg?resize=500%2C666&#038;ssl=1\" alt=\"\" width=\"500\" height=\"666\" srcset=\"https:\/\/i0.wp.com\/arch-moser.it\/wp-content\/uploads\/2019\/12\/UNADJUSTEDNONRAW_thumb_474e.jpg?w=500&amp;ssl=1 500w, https:\/\/i0.wp.com\/arch-moser.it\/wp-content\/uploads\/2019\/12\/UNADJUSTEDNONRAW_thumb_474e.jpg?resize=225%2C300&amp;ssl=1 225w, https:\/\/i0.wp.com\/arch-moser.it\/wp-content\/uploads\/2019\/12\/UNADJUSTEDNONRAW_thumb_474e.jpg?resize=113%2C150&amp;ssl=1 113w\" sizes=\"(max-width: 500px) 100vw, 500px\" \/><\/a><\/pre>\n","protected":false},"excerpt":{"rendered":"<p>&nbsp; Die Sanierung dieses historischen Stadthauses in Sterzing optimiert in erster Linie die Erschlie\u00dfung der verschiedenen Ebenen, indem die Gesch\u00e4ftstreppe zum Haupttreppenhaus umfunktioniert wurde.\u00a0 \u00dcber den internen Lichthof k\u00f6nnen somit die B\u00fcror\u00e4ume im 1. Obergeschoss und die beiden neuen Wohnungen im 2. Obergeschoss erschlossen werden. Das Gesch\u00e4ft im Erdgeschoss wurde erweitert und erh\u00e4lt nun Lagerfl\u00e4chen [&hellip;]<\/p>\n","protected":false},"author":1,"featured_media":5521,"comment_status":"closed","ping_status":"closed","sticky":false,"template":"","format":"standard","meta":{"ngg_post_thumbnail":0,"_jetpack_memberships_contains_paid_content":false,"footnotes":""},"categories":[2],"tags":[],"class_list":["post-5290","post","type-post","status-publish","format-standard","has-post-thumbnail","hentry","category-architektur"],"jetpack_featured_media_url":"https:\/\/i0.wp.com\/arch-moser.it\/wp-content\/uploads\/2019\/05\/IMG_0854-e1558970415359.jpeg?fit=350%2C466&ssl=1","jetpack_sharing_enabled":true,"_links":{"self":[{"href":"https:\/\/arch-moser.it\/de\/wp-json\/wp\/v2\/posts\/5290","targetHints":{"allow":["GET"]}}],"collection":[{"href":"https:\/\/arch-moser.it\/de\/wp-json\/wp\/v2\/posts"}],"about":[{"href":"https:\/\/arch-moser.it\/de\/wp-json\/wp\/v2\/types\/post"}],"author":[{"embeddable":true,"href":"https:\/\/arch-moser.it\/de\/wp-json\/wp\/v2\/users\/1"}],"replies":[{"embeddable":true,"href":"https:\/\/arch-moser.it\/de\/wp-json\/wp\/v2\/comments?post=5290"}],"version-history":[{"count":17,"href":"https:\/\/arch-moser.it\/de\/wp-json\/wp\/v2\/posts\/5290\/revisions"}],"predecessor-version":[{"id":5907,"href":"https:\/\/arch-moser.it\/de\/wp-json\/wp\/v2\/posts\/5290\/revisions\/5907"}],"wp:featuredmedia":[{"embeddable":true,"href":"https:\/\/arch-moser.it\/de\/wp-json\/wp\/v2\/media\/5521"}],"wp:attachment":[{"href":"https:\/\/arch-moser.it\/de\/wp-json\/wp\/v2\/media?parent=5290"}],"wp:term":[{"taxonomy":"category","embeddable":true,"href":"https:\/\/arch-moser.it\/de\/wp-json\/wp\/v2\/categories?post=5290"},{"taxonomy":"post_tag","embeddable":true,"href":"https:\/\/arch-moser.it\/de\/wp-json\/wp\/v2\/tags?post=5290"}],"curies":[{"name":"wp","href":"https:\/\/api.w.org\/{rel}","templated":true}]}}