{"id":3918,"date":"2016-05-08T11:18:23","date_gmt":"2016-05-08T09:18:23","guid":{"rendered":"https:\/\/arch-moser.it\/?p=3918"},"modified":"2017-07-30T11:20:53","modified_gmt":"2017-07-30T09:20:53","slug":"bueroarchitektur","status":"publish","type":"post","link":"https:\/\/arch-moser.it\/de\/bueroarchitektur\/","title":{"rendered":"Gestaltung von Arbeitspl\u00e4tzen f\u00fcr den KVW"},"content":{"rendered":"<p><span style=\"font-size: 10pt; font-family: Tahoma, Arial, Helvetica, sans-serif;\">Seit seiner Gr\u00fcndung im Jahre 1948 hat sich die Corporate Identity des Katholischen Verbandes der Werkt\u00e4tigen entscheidend ver\u00e4ndert.\u00a0<\/span><br \/>\n<span style=\"font-size: 10pt; font-family: Tahoma, Arial, Helvetica, sans-serif;\"> Der KVW hat sich von einer, in Sozialfragen engagierten Patronatstruktur in ein b\u00fcrgernahes Dienstleitungs- und Serviceunternehmen mit rund 40.000 Mitgliedern verwandelt.\u00a0<\/span><br \/>\n<span style=\"font-size: 10pt; font-family: Tahoma, Arial, Helvetica, sans-serif;\"> Im Laufe von ca.\u00a015 Jahren entstanden auf Landesebene, im Rahmen einer kontinuierlichen Umgestaltung der einzelnen Verbandsitze, zeitgem\u00e4\u00df eingerichtete B\u00fcrostrukturen, die mit viel Transparenz und ausgefeilten Farbkonzepten B\u00fcrgern\u00e4he und Publikumsbezug vermitteln sollen.\u00a0<\/span><\/p>\n<div class=\"content\">\n<table style=\"height: 198px;\" border=\"1\" width=\"639\" cellspacing=\"0\" cellpadding=\"0\">\n<tbody>\n<tr>\n<td valign=\"top\" width=\"323\"><span style=\"font-size: 10pt; font-family: Tahoma, Arial, Helvetica, sans-serif;\"><b>Erneuerung der Verbandsitze des KVW<\/b>\u00a0<\/span><br \/>\n<span style=\"font-size: 10pt; font-family: Tahoma, Arial, Helvetica, sans-serif;\"><b>rimodernamento delle sedi locali delle ACLI &#8211; KVW<\/b><\/span><\/td>\n<\/tr>\n<tr>\n<td valign=\"top\" width=\"323\"><span style=\"font-size: 10pt; font-family: Tahoma, Arial, Helvetica, sans-serif;\">KVW &#8211; Katholischer Verband der Werkt\u00e4tigen\u00a0<\/span><br \/>\n<span style=\"font-size: 10pt; font-family: Tahoma, Arial, Helvetica, sans-serif;\">ACLI &#8211; Associazione Cristiana Lavoratori Italiani <\/span><\/td>\n<\/tr>\n<tr>\n<td valign=\"top\" width=\"323\"><span style=\"color: #d3ed11;\"><span style=\"font-size: 10pt; font-family: Tahoma, Arial, Helvetica, sans-serif;\">Neumarkt, Bozen, Brixen, Sterzing, Bruneck, Meran\u00a0<\/span><\/span><br \/>\n<span style=\"color: #d3ed11;\"> <span style=\"font-size: 10pt; font-family: Tahoma, Arial, Helvetica, sans-serif;\">Egna, Bolzano, Bressanone, Vipiteno, Brunico, Merano<\/span><\/span><\/td>\n<\/tr>\n<\/tbody>\n<\/table>\n<p><span style=\"color: #dfed18;\"><strong><span style=\"font-size: 10pt; font-family: Tahoma,Arial,Helvetica,sans-serif;\">KVW Bezirk Meran<\/span><\/strong><\/span><\/p>\n<p><span style=\"font-size: 10pt; font-family: Tahoma, Arial, Helvetica, sans-serif;\"><img data-recalc-dims=\"1\" fetchpriority=\"high\" decoding=\"async\" class=\"alignnone wp-image-1933\" src=\"https:\/\/i0.wp.com\/arch-moser.it\/wp-content\/uploads\/2012\/04\/dsc5117.jpg?resize=727%2C487&#038;ssl=1\" alt=\"_DSC5117\" width=\"727\" height=\"487\" \/>\u00a0 \u00a0\u00a0<\/span><\/p>\n<p><a href=\"https:\/\/i0.wp.com\/arch-moser.it\/wp-content\/uploads\/2016\/05\/Einrichtung_KVW_MERAN.jpg?ssl=1\"><img data-recalc-dims=\"1\" decoding=\"async\" class=\"alignnone wp-image-4222\" src=\"https:\/\/i0.wp.com\/arch-moser.it\/wp-content\/uploads\/2016\/05\/Einrichtung_KVW_MERAN.jpg?resize=728%2C301&#038;ssl=1\" alt=\"Einrichtung_KVW_MERAN\" width=\"728\" height=\"301\" srcset=\"https:\/\/i0.wp.com\/arch-moser.it\/wp-content\/uploads\/2016\/05\/Einrichtung_KVW_MERAN.jpg?resize=300%2C124&amp;ssl=1 300w, https:\/\/i0.wp.com\/arch-moser.it\/wp-content\/uploads\/2016\/05\/Einrichtung_KVW_MERAN.jpg?resize=1024%2C423&amp;ssl=1 1024w, https:\/\/i0.wp.com\/arch-moser.it\/wp-content\/uploads\/2016\/05\/Einrichtung_KVW_MERAN.jpg?resize=860%2C355&amp;ssl=1 860w, https:\/\/i0.wp.com\/arch-moser.it\/wp-content\/uploads\/2016\/05\/Einrichtung_KVW_MERAN.jpg?w=1600&amp;ssl=1 1600w, https:\/\/i0.wp.com\/arch-moser.it\/wp-content\/uploads\/2016\/05\/Einrichtung_KVW_MERAN.jpg?w=2400&amp;ssl=1 2400w\" sizes=\"(max-width: 728px) 100vw, 728px\" \/><\/a><\/p>\n<p><img data-recalc-dims=\"1\" decoding=\"async\" class=\"alignnone wp-image-1932\" src=\"https:\/\/i0.wp.com\/arch-moser.it\/wp-content\/uploads\/2012\/04\/dsc5092.jpg?resize=358%2C240&#038;ssl=1\" alt=\"_DSC5092\" width=\"358\" height=\"240\" \/>\u00a0 \u00a0 <img data-recalc-dims=\"1\" loading=\"lazy\" decoding=\"async\" class=\"alignnone wp-image-1931\" src=\"https:\/\/i0.wp.com\/arch-moser.it\/wp-content\/uploads\/2012\/04\/dsc5085.jpg?resize=358%2C240&#038;ssl=1\" alt=\"_DSC5085\" width=\"358\" height=\"240\" \/><\/p>\n<p>&nbsp;<\/p>\n<p><span style=\"font-size: 10pt; font-family: Tahoma,Arial,Helvetica,sans-serif; color: #dfed18;\"><strong>KVW Patronat Bozen<\/strong><\/span><\/p>\n<p><span style=\"font-size: 10pt; font-family: Tahoma, Arial, Helvetica, sans-serif;\"><img data-recalc-dims=\"1\" loading=\"lazy\" decoding=\"async\" class=\"alignnone wp-image-1929\" src=\"https:\/\/i0.wp.com\/arch-moser.it\/wp-content\/uploads\/2012\/04\/img_0012.jpg?resize=175%2C234&#038;ssl=1\" alt=\"IMG_0012\" width=\"175\" height=\"234\" srcset=\"https:\/\/i0.wp.com\/arch-moser.it\/wp-content\/uploads\/2012\/04\/img_0012.jpg?resize=225%2C300&amp;ssl=1 225w, https:\/\/i0.wp.com\/arch-moser.it\/wp-content\/uploads\/2012\/04\/img_0012.jpg?resize=768%2C1024&amp;ssl=1 768w, https:\/\/i0.wp.com\/arch-moser.it\/wp-content\/uploads\/2012\/04\/img_0012.jpg?w=1536&amp;ssl=1 1536w\" sizes=\"(max-width: 175px) 100vw, 175px\" \/>\u00a0 \u00a0<img data-recalc-dims=\"1\" loading=\"lazy\" decoding=\"async\" class=\"alignnone wp-image-1928\" src=\"https:\/\/i0.wp.com\/arch-moser.it\/wp-content\/uploads\/2012\/04\/img_0004.jpg?resize=175%2C234&#038;ssl=1\" alt=\"IMG_0004\" width=\"175\" height=\"234\" srcset=\"https:\/\/i0.wp.com\/arch-moser.it\/wp-content\/uploads\/2012\/04\/img_0004.jpg?resize=225%2C300&amp;ssl=1 225w, https:\/\/i0.wp.com\/arch-moser.it\/wp-content\/uploads\/2012\/04\/img_0004.jpg?resize=768%2C1024&amp;ssl=1 768w, https:\/\/i0.wp.com\/arch-moser.it\/wp-content\/uploads\/2012\/04\/img_0004.jpg?w=1536&amp;ssl=1 1536w\" sizes=\"(max-width: 175px) 100vw, 175px\" \/>\u00a0 \u00a0<img data-recalc-dims=\"1\" loading=\"lazy\" decoding=\"async\" class=\"alignnone wp-image-1927\" src=\"https:\/\/i0.wp.com\/arch-moser.it\/wp-content\/uploads\/2012\/04\/img_0002.jpg?resize=174%2C232&#038;ssl=1\" alt=\"IMG_0002\" width=\"174\" height=\"232\" srcset=\"https:\/\/i0.wp.com\/arch-moser.it\/wp-content\/uploads\/2012\/04\/img_0002.jpg?resize=225%2C300&amp;ssl=1 225w, https:\/\/i0.wp.com\/arch-moser.it\/wp-content\/uploads\/2012\/04\/img_0002.jpg?resize=768%2C1024&amp;ssl=1 768w, https:\/\/i0.wp.com\/arch-moser.it\/wp-content\/uploads\/2012\/04\/img_0002.jpg?w=1536&amp;ssl=1 1536w\" sizes=\"(max-width: 174px) 100vw, 174px\" \/>\u00a0 \u00a0<img data-recalc-dims=\"1\" loading=\"lazy\" decoding=\"async\" class=\"alignnone wp-image-1930\" src=\"https:\/\/i0.wp.com\/arch-moser.it\/wp-content\/uploads\/2012\/04\/img_0014.jpg?resize=174%2C232&#038;ssl=1\" alt=\"IMG_0014\" width=\"174\" height=\"232\" srcset=\"https:\/\/i0.wp.com\/arch-moser.it\/wp-content\/uploads\/2012\/04\/img_0014.jpg?resize=225%2C300&amp;ssl=1 225w, https:\/\/i0.wp.com\/arch-moser.it\/wp-content\/uploads\/2012\/04\/img_0014.jpg?resize=768%2C1024&amp;ssl=1 768w, https:\/\/i0.wp.com\/arch-moser.it\/wp-content\/uploads\/2012\/04\/img_0014.jpg?w=1536&amp;ssl=1 1536w\" sizes=\"(max-width: 174px) 100vw, 174px\" \/><\/span><\/p>\n<p>&nbsp;<\/p>\n<p><span style=\"font-family: Tahoma,Arial,Helvetica,sans-serif; font-size: 10pt; color: #dfed18;\"><strong>KVW Bezirk Bruneck<\/strong><\/span><\/p>\n<p><span style=\"font-size: 10pt; font-family: Tahoma, Arial, Helvetica, sans-serif;\"><img data-recalc-dims=\"1\" loading=\"lazy\" decoding=\"async\" class=\"alignnone wp-image-1925\" src=\"https:\/\/i0.wp.com\/arch-moser.it\/wp-content\/uploads\/2012\/04\/img_0082.jpg?resize=236%2C315&#038;ssl=1\" alt=\"IMG_0082\" width=\"236\" height=\"315\" srcset=\"https:\/\/i0.wp.com\/arch-moser.it\/wp-content\/uploads\/2012\/04\/img_0082.jpg?resize=225%2C300&amp;ssl=1 225w, https:\/\/i0.wp.com\/arch-moser.it\/wp-content\/uploads\/2012\/04\/img_0082.jpg?resize=768%2C1024&amp;ssl=1 768w, https:\/\/i0.wp.com\/arch-moser.it\/wp-content\/uploads\/2012\/04\/img_0082.jpg?w=1944&amp;ssl=1 1944w, https:\/\/i0.wp.com\/arch-moser.it\/wp-content\/uploads\/2012\/04\/img_0082.jpg?w=1600&amp;ssl=1 1600w\" sizes=\"(max-width: 236px) 100vw, 236px\" \/>\u00a0 \u00a0<img data-recalc-dims=\"1\" loading=\"lazy\" decoding=\"async\" class=\"alignnone wp-image-1924\" src=\"https:\/\/i0.wp.com\/arch-moser.it\/wp-content\/uploads\/2012\/04\/img_0081.jpg?resize=236%2C315&#038;ssl=1\" alt=\"IMG_0081\" width=\"236\" height=\"315\" srcset=\"https:\/\/i0.wp.com\/arch-moser.it\/wp-content\/uploads\/2012\/04\/img_0081.jpg?resize=225%2C300&amp;ssl=1 225w, https:\/\/i0.wp.com\/arch-moser.it\/wp-content\/uploads\/2012\/04\/img_0081.jpg?resize=768%2C1024&amp;ssl=1 768w, https:\/\/i0.wp.com\/arch-moser.it\/wp-content\/uploads\/2012\/04\/img_0081.jpg?w=1944&amp;ssl=1 1944w, https:\/\/i0.wp.com\/arch-moser.it\/wp-content\/uploads\/2012\/04\/img_0081.jpg?w=1600&amp;ssl=1 1600w\" sizes=\"(max-width: 236px) 100vw, 236px\" \/>\u00a0 \u00a0<\/span><span style=\"font-size: 10pt; font-family: Tahoma, Arial, Helvetica, sans-serif;\"><img data-recalc-dims=\"1\" loading=\"lazy\" decoding=\"async\" class=\"alignnone wp-image-4219\" src=\"https:\/\/i0.wp.com\/arch-moser.it\/wp-content\/uploads\/2016\/05\/IMG_0080.jpg?resize=238%2C317&#038;ssl=1\" alt=\"IMG_0080\" width=\"238\" height=\"317\" srcset=\"https:\/\/i0.wp.com\/arch-moser.it\/wp-content\/uploads\/2016\/05\/IMG_0080.jpg?resize=225%2C300&amp;ssl=1 225w, https:\/\/i0.wp.com\/arch-moser.it\/wp-content\/uploads\/2016\/05\/IMG_0080.jpg?w=500&amp;ssl=1 500w\" sizes=\"(max-width: 238px) 100vw, 238px\" \/>\u00a0<\/span><\/p>\n<p><a href=\"https:\/\/i0.wp.com\/arch-moser.it\/wp-content\/uploads\/2016\/05\/Einrichtung_KVW_BRUNECK.jpg?ssl=1\"><img data-recalc-dims=\"1\" loading=\"lazy\" decoding=\"async\" class=\"alignnone wp-image-4221\" src=\"https:\/\/i0.wp.com\/arch-moser.it\/wp-content\/uploads\/2016\/05\/Einrichtung_KVW_BRUNECK.jpg?resize=732%2C571&#038;ssl=1\" alt=\"Einrichtung_KVW_BRUNECK\" width=\"732\" height=\"571\" srcset=\"https:\/\/i0.wp.com\/arch-moser.it\/wp-content\/uploads\/2016\/05\/Einrichtung_KVW_BRUNECK.jpg?resize=300%2C234&amp;ssl=1 300w, https:\/\/i0.wp.com\/arch-moser.it\/wp-content\/uploads\/2016\/05\/Einrichtung_KVW_BRUNECK.jpg?resize=1024%2C799&amp;ssl=1 1024w, https:\/\/i0.wp.com\/arch-moser.it\/wp-content\/uploads\/2016\/05\/Einrichtung_KVW_BRUNECK.jpg?resize=860%2C671&amp;ssl=1 860w, https:\/\/i0.wp.com\/arch-moser.it\/wp-content\/uploads\/2016\/05\/Einrichtung_KVW_BRUNECK.jpg?w=1600&amp;ssl=1 1600w, https:\/\/i0.wp.com\/arch-moser.it\/wp-content\/uploads\/2016\/05\/Einrichtung_KVW_BRUNECK.jpg?w=2400&amp;ssl=1 2400w\" sizes=\"(max-width: 732px) 100vw, 732px\" \/><\/a><\/p>\n<p><span style=\"font-size: 10pt; font-family: Tahoma, Arial, Helvetica, sans-serif;\"><img data-recalc-dims=\"1\" loading=\"lazy\" decoding=\"async\" class=\"alignnone wp-image-4218\" src=\"https:\/\/i0.wp.com\/arch-moser.it\/wp-content\/uploads\/2016\/05\/IMG_0021.jpg?resize=731%2C549&#038;ssl=1\" alt=\"IMG_0021\" width=\"731\" height=\"549\" srcset=\"https:\/\/i0.wp.com\/arch-moser.it\/wp-content\/uploads\/2016\/05\/IMG_0021.jpg?resize=300%2C225&amp;ssl=1 300w, https:\/\/i0.wp.com\/arch-moser.it\/wp-content\/uploads\/2016\/05\/IMG_0021.jpg?w=500&amp;ssl=1 500w\" sizes=\"(max-width: 731px) 100vw, 731px\" \/> <\/span><\/p>\n<p>&nbsp;<\/p>\n<p><span style=\"color: #dfed18;\"><strong style=\"color: #ed1866; font-family: Tahoma,Arial,Helvetica,sans-serif; font-size: 10pt;\"><span style=\"color: #dfed18;\">ehemaliger KVW<\/span> <span style=\"color: #dfed18;\">Bezirk Bozen<\/span><\/strong><\/span><\/p>\n<p><span style=\"font-size: 10pt; font-family: Tahoma, Arial, Helvetica, sans-serif;\"><img data-recalc-dims=\"1\" loading=\"lazy\" decoding=\"async\" class=\"alignnone wp-image-1907\" src=\"https:\/\/i0.wp.com\/arch-moser.it\/wp-content\/uploads\/2012\/04\/kvw_3_img.jpg?resize=459%2C344&#038;ssl=1\" alt=\"Kvw_3_IMG\" width=\"459\" height=\"344\" srcset=\"https:\/\/i0.wp.com\/arch-moser.it\/wp-content\/uploads\/2012\/04\/kvw_3_img.jpg?resize=300%2C225&amp;ssl=1 300w, https:\/\/i0.wp.com\/arch-moser.it\/wp-content\/uploads\/2012\/04\/kvw_3_img.jpg?resize=1024%2C768&amp;ssl=1 1024w, https:\/\/i0.wp.com\/arch-moser.it\/wp-content\/uploads\/2012\/04\/kvw_3_img.jpg?w=1600&amp;ssl=1 1600w\" sizes=\"(max-width: 459px) 100vw, 459px\" \/>\u00a0 \u00a0<img data-recalc-dims=\"1\" loading=\"lazy\" decoding=\"async\" class=\"alignnone wp-image-1906\" src=\"https:\/\/i0.wp.com\/arch-moser.it\/wp-content\/uploads\/2012\/04\/dscn0161.jpg?resize=259%2C346&#038;ssl=1\" alt=\"DSCN0161\" width=\"259\" height=\"346\" srcset=\"https:\/\/i0.wp.com\/arch-moser.it\/wp-content\/uploads\/2012\/04\/dscn0161.jpg?resize=225%2C300&amp;ssl=1 225w, https:\/\/i0.wp.com\/arch-moser.it\/wp-content\/uploads\/2012\/04\/dscn0161.jpg?resize=768%2C1024&amp;ssl=1 768w, https:\/\/i0.wp.com\/arch-moser.it\/wp-content\/uploads\/2012\/04\/dscn0161.jpg?w=1704&amp;ssl=1 1704w, https:\/\/i0.wp.com\/arch-moser.it\/wp-content\/uploads\/2012\/04\/dscn0161.jpg?w=1600&amp;ssl=1 1600w\" sizes=\"(max-width: 259px) 100vw, 259px\" \/>\u00a0 <\/span><\/p>\n<p><span style=\"font-size: 10pt; font-family: Tahoma, Arial, Helvetica, sans-serif;\">\u00a0<img data-recalc-dims=\"1\" loading=\"lazy\" decoding=\"async\" class=\"alignnone wp-image-4220 \" src=\"https:\/\/i0.wp.com\/arch-moser.it\/wp-content\/uploads\/2016\/05\/KVWBOZEN2-e1463418850411-223x300.jpg?resize=266%2C358&#038;ssl=1\" width=\"266\" height=\"358\" srcset=\"https:\/\/i0.wp.com\/arch-moser.it\/wp-content\/uploads\/2016\/05\/KVWBOZEN2-e1463418850411.jpg?resize=223%2C300&amp;ssl=1 223w, https:\/\/i0.wp.com\/arch-moser.it\/wp-content\/uploads\/2016\/05\/KVWBOZEN2-e1463418850411.jpg?w=461&amp;ssl=1 461w\" sizes=\"(max-width: 266px) 100vw, 266px\" \/>\u00a0\u00a0 <img data-recalc-dims=\"1\" loading=\"lazy\" decoding=\"async\" class=\"alignnone wp-image-4217\" src=\"https:\/\/i0.wp.com\/arch-moser.it\/wp-content\/uploads\/2016\/05\/glast%C3%BCren.jpg?resize=447%2C357&#038;ssl=1\" alt=\"glast\u00fcren\" width=\"447\" height=\"357\" srcset=\"https:\/\/i0.wp.com\/arch-moser.it\/wp-content\/uploads\/2016\/05\/glast%C3%BCren.jpg?resize=300%2C240&amp;ssl=1 300w, https:\/\/i0.wp.com\/arch-moser.it\/wp-content\/uploads\/2016\/05\/glast%C3%BCren.jpg?w=500&amp;ssl=1 500w\" sizes=\"(max-width: 447px) 100vw, 447px\" \/><\/span><\/p>\n<p>&nbsp;<\/p>\n<p><span style=\"font-size: 10pt; font-family: Tahoma,Arial,Helvetica,sans-serif; color: #dfed18;\"><strong>KVW Bezirk Neumarkt<\/strong><\/span><\/p>\n<p><span style=\"font-size: 10pt; font-family: Tahoma, Arial, Helvetica, sans-serif;\">\u00a0<img data-recalc-dims=\"1\" loading=\"lazy\" decoding=\"async\" class=\"alignnone size-medium wp-image-1891\" src=\"https:\/\/i0.wp.com\/arch-moser.it\/wp-content\/uploads\/2012\/04\/fotoarchiv-0372.jpg?resize=240%2C300&#038;ssl=1\" alt=\"Fotoarchiv - 0372\" width=\"240\" height=\"300\" srcset=\"https:\/\/i0.wp.com\/arch-moser.it\/wp-content\/uploads\/2012\/04\/fotoarchiv-0372.jpg?resize=240%2C300&amp;ssl=1 240w, https:\/\/i0.wp.com\/arch-moser.it\/wp-content\/uploads\/2012\/04\/fotoarchiv-0372.jpg?resize=819%2C1024&amp;ssl=1 819w, https:\/\/i0.wp.com\/arch-moser.it\/wp-content\/uploads\/2012\/04\/fotoarchiv-0372.jpg?w=1024&amp;ssl=1 1024w\" sizes=\"(max-width: 240px) 100vw, 240px\" \/><\/span><\/p>\n<p>&nbsp;<\/p>\n<p><span style=\"font-size: 10pt; font-family: Tahoma,Arial,Helvetica,sans-serif; color: #dfed18;\"><strong>KVW Bezirk\u00a0Brixen<\/strong><\/span><\/p>\n<p><span style=\"font-size: 10pt; font-family: Tahoma, Arial, Helvetica, sans-serif;\"> <img data-recalc-dims=\"1\" loading=\"lazy\" decoding=\"async\" class=\"alignnone size-medium wp-image-1934\" src=\"https:\/\/i0.wp.com\/arch-moser.it\/wp-content\/uploads\/2012\/04\/kvwbx11-e1463252931432-249x300.jpg?resize=249%2C300&#038;ssl=1\" alt=\"KVWBX1~1\" width=\"249\" height=\"300\" srcset=\"https:\/\/i0.wp.com\/arch-moser.it\/wp-content\/uploads\/2012\/04\/kvwbx11-e1463252931432.jpg?resize=249%2C300&amp;ssl=1 249w, https:\/\/i0.wp.com\/arch-moser.it\/wp-content\/uploads\/2012\/04\/kvwbx11-e1463252931432.jpg?resize=850%2C1024&amp;ssl=1 850w, https:\/\/i0.wp.com\/arch-moser.it\/wp-content\/uploads\/2012\/04\/kvwbx11-e1463252931432.jpg?resize=860%2C1036&amp;ssl=1 860w, https:\/\/i0.wp.com\/arch-moser.it\/wp-content\/uploads\/2012\/04\/kvwbx11-e1463252931432.jpg?w=1132&amp;ssl=1 1132w\" sizes=\"(max-width: 249px) 100vw, 249px\" \/>\u00a0 \u00a0<\/span><\/p>\n<\/div>\n<div class=\"meta\"><\/div>\n","protected":false},"excerpt":{"rendered":"<p>Seit seiner Gr\u00fcndung im Jahre 1948 hat sich die Corporate Identity des Katholischen Verbandes der Werkt\u00e4tigen entscheidend ver\u00e4ndert.\u00a0 Der KVW hat sich von einer, in Sozialfragen engagierten Patronatstruktur in ein b\u00fcrgernahes Dienstleitungs- und Serviceunternehmen mit rund 40.000 Mitgliedern verwandelt.\u00a0 Im Laufe von ca.\u00a015 Jahren entstanden auf Landesebene, im Rahmen einer kontinuierlichen Umgestaltung der einzelnen Verbandsitze, [&hellip;]<\/p>\n","protected":false},"author":1,"featured_media":4228,"comment_status":"closed","ping_status":"closed","sticky":false,"template":"","format":"standard","meta":{"ngg_post_thumbnail":0,"_jetpack_memberships_contains_paid_content":false,"footnotes":""},"categories":[2,3,5],"tags":[],"class_list":["post-3918","post","type-post","status-publish","format-standard","has-post-thumbnail","hentry","category-architektur","category-eigene-projekte","category-interior-design"],"jetpack_featured_media_url":"https:\/\/i0.wp.com\/arch-moser.it\/wp-content\/uploads\/2016\/05\/Folie1.jpg?fit=404%2C536&ssl=1","jetpack_sharing_enabled":true,"_links":{"self":[{"href":"https:\/\/arch-moser.it\/de\/wp-json\/wp\/v2\/posts\/3918","targetHints":{"allow":["GET"]}}],"collection":[{"href":"https:\/\/arch-moser.it\/de\/wp-json\/wp\/v2\/posts"}],"about":[{"href":"https:\/\/arch-moser.it\/de\/wp-json\/wp\/v2\/types\/post"}],"author":[{"embeddable":true,"href":"https:\/\/arch-moser.it\/de\/wp-json\/wp\/v2\/users\/1"}],"replies":[{"embeddable":true,"href":"https:\/\/arch-moser.it\/de\/wp-json\/wp\/v2\/comments?post=3918"}],"version-history":[{"count":22,"href":"https:\/\/arch-moser.it\/de\/wp-json\/wp\/v2\/posts\/3918\/revisions"}],"predecessor-version":[{"id":4599,"href":"https:\/\/arch-moser.it\/de\/wp-json\/wp\/v2\/posts\/3918\/revisions\/4599"}],"wp:featuredmedia":[{"embeddable":true,"href":"https:\/\/arch-moser.it\/de\/wp-json\/wp\/v2\/media\/4228"}],"wp:attachment":[{"href":"https:\/\/arch-moser.it\/de\/wp-json\/wp\/v2\/media?parent=3918"}],"wp:term":[{"taxonomy":"category","embeddable":true,"href":"https:\/\/arch-moser.it\/de\/wp-json\/wp\/v2\/categories?post=3918"},{"taxonomy":"post_tag","embeddable":true,"href":"https:\/\/arch-moser.it\/de\/wp-json\/wp\/v2\/tags?post=3918"}],"curies":[{"name":"wp","href":"https:\/\/api.w.org\/{rel}","templated":true}]}}