{"id":3889,"date":"2016-05-08T00:34:18","date_gmt":"2016-05-07T22:34:18","guid":{"rendered":"https:\/\/arch-moser.it\/?p=3889"},"modified":"2017-12-10T18:58:26","modified_gmt":"2017-12-10T17:58:26","slug":"wohnhaus-p-in-brixen","status":"publish","type":"post","link":"https:\/\/arch-moser.it\/de\/wohnhaus-p-in-brixen\/","title":{"rendered":"Wohnhaus P. in Brixen"},"content":{"rendered":"<p><span style=\"font-size: 10pt;\"><a href=\"https:\/\/i0.wp.com\/arch-moser.it\/wp-content\/uploads\/2012\/01\/putzer_ep-e1458819472111.jpg?ssl=1\"><img data-recalc-dims=\"1\" fetchpriority=\"high\" decoding=\"async\" class=\"alignnone wp-image-1491\" src=\"https:\/\/i0.wp.com\/arch-moser.it\/wp-content\/uploads\/2012\/01\/putzer_ep-e1458819472111-300x239.jpg?resize=549%2C437&#038;ssl=1\" alt=\"Putzer_EP\" width=\"549\" height=\"437\" srcset=\"https:\/\/i0.wp.com\/arch-moser.it\/wp-content\/uploads\/2012\/01\/putzer_ep-e1458819472111.jpg?resize=300%2C239&amp;ssl=1 300w, https:\/\/i0.wp.com\/arch-moser.it\/wp-content\/uploads\/2012\/01\/putzer_ep-e1458819472111.jpg?resize=1024%2C815&amp;ssl=1 1024w, https:\/\/i0.wp.com\/arch-moser.it\/wp-content\/uploads\/2012\/01\/putzer_ep-e1458819472111.jpg?resize=768%2C611&amp;ssl=1 768w, https:\/\/i0.wp.com\/arch-moser.it\/wp-content\/uploads\/2012\/01\/putzer_ep-e1458819472111.jpg?w=1600&amp;ssl=1 1600w, https:\/\/i0.wp.com\/arch-moser.it\/wp-content\/uploads\/2012\/01\/putzer_ep-e1458819472111.jpg?w=2400&amp;ssl=1 2400w\" sizes=\"(max-width: 549px) 100vw, 549px\" \/><\/a><\/span><\/p>\n<p><span style=\"font-family: Tahoma, Arial, Helvetica, sans-serif; font-size: 10pt;\">Den Stadtteil, in welchem dieses Projekt realisiert wurde, kenne ich sehr gut, denn 20 Jahre lang wohnte ich in einem nahe gelegenen Kondominium.<\/span><br \/>\n<span style=\"font-family: Tahoma, Arial, Helvetica, sans-serif; font-size: 10pt;\"> Die Vorentw\u00fcrfe f\u00fcr die Sanierung und bauliche Erweiterung des Wohnhauses P. lassen sich an zwei H\u00e4nden abz\u00e4hlen:<\/span><br \/>\n<span style=\"font-family: Tahoma, Arial, Helvetica, sans-serif; font-size: 10pt;\"> so schwierig erwies sich diese gestalterische Aufgabe, bis Bauherren und Architekt sich auf das endg\u00fcltige Konzept einigen konnten.<\/span><\/p>\n<p><img data-recalc-dims=\"1\" decoding=\"async\" class=\"alignnone wp-image-1495\" src=\"https:\/\/i0.wp.com\/arch-moser.it\/wp-content\/uploads\/2012\/01\/putzer_3d.jpg?resize=548%2C272&#038;ssl=1\" alt=\"Putzer_3D\" width=\"548\" height=\"272\" srcset=\"https:\/\/i0.wp.com\/arch-moser.it\/wp-content\/uploads\/2012\/01\/putzer_3d.jpg?resize=300%2C149&amp;ssl=1 300w, https:\/\/i0.wp.com\/arch-moser.it\/wp-content\/uploads\/2012\/01\/putzer_3d.jpg?resize=1024%2C507&amp;ssl=1 1024w, https:\/\/i0.wp.com\/arch-moser.it\/wp-content\/uploads\/2012\/01\/putzer_3d.jpg?w=1698&amp;ssl=1 1698w, https:\/\/i0.wp.com\/arch-moser.it\/wp-content\/uploads\/2012\/01\/putzer_3d.jpg?w=1600&amp;ssl=1 1600w\" sizes=\"(max-width: 548px) 100vw, 548px\" \/><\/p>\n<p><span style=\"font-family: Tahoma, Arial, Helvetica, sans-serif; font-size: 10pt;\">Dabei waren die Vorgaben der Bauherren eigentlich nichts Besonderes: das Obergescho\u00df &#8211; Schlafzimmer und Bad &#8211; sollten umgebaut und im Dachgescho\u00df ein gro\u00dfer Spiel- und Hobbyraum als R\u00fcckzugsm\u00f6glichkeit f\u00fcr die gesamte Familie realisiert werden.<\/span><\/p>\n<p><img data-recalc-dims=\"1\" decoding=\"async\" class=\"alignnone wp-image-1416\" src=\"https:\/\/i0.wp.com\/arch-moser.it\/wp-content\/uploads\/2011\/12\/img_0240-225x300.jpg?resize=412%2C549&#038;ssl=1\" alt=\"IMG_0240\" width=\"412\" height=\"549\" \/><\/p>\n<p><span style=\"font-family: Tahoma, Arial, Helvetica, sans-serif; font-size: 10pt;\">Gleichzeitig sollte die gesamte Geb\u00e4udeh\u00fclle energetisch saniert werden.<\/span><br \/>\n<span style=\"font-family: Tahoma, Arial, Helvetica, sans-serif; font-size: 10pt;\"> Urspr\u00fcnglich wollte man die \u00e4u\u00dfere Erscheinungsform des Wohnhauses so wenig als m\u00f6glich ver\u00e4ndern. Efeu-Bewuchs und die hohe Zeder vor dem Haus sollten durch die Umbauarbeiten nicht beeintr\u00e4chtigt werden.<\/span><\/p>\n<p><span style=\"font-family: Tahoma, Arial, Helvetica, sans-serif; font-size: 10pt;\">Nachdem aus bautechnischer Sicht der Efeu dem Bauger\u00fcst weichen musste und der Baukran im Bereich der Zeder aufgestellt wurde, konnten endlich im Fr\u00fchjahr 2010 die ersten baulichen Eingriffe durchgef\u00fchrt werden.<\/span><\/p>\n<p><img data-recalc-dims=\"1\" loading=\"lazy\" decoding=\"async\" class=\"alignnone wp-image-1488\" src=\"https:\/\/i0.wp.com\/arch-moser.it\/wp-content\/uploads\/2012\/01\/dscn1359.jpg?resize=173%2C230&#038;ssl=1\" alt=\"DSCN1359\" width=\"173\" height=\"230\" srcset=\"https:\/\/i0.wp.com\/arch-moser.it\/wp-content\/uploads\/2012\/01\/dscn1359.jpg?resize=225%2C300&amp;ssl=1 225w, https:\/\/i0.wp.com\/arch-moser.it\/wp-content\/uploads\/2012\/01\/dscn1359.jpg?resize=768%2C1024&amp;ssl=1 768w, https:\/\/i0.wp.com\/arch-moser.it\/wp-content\/uploads\/2012\/01\/dscn1359.jpg?w=1536&amp;ssl=1 1536w\" sizes=\"(max-width: 173px) 100vw, 173px\" \/>\u00a0 \u00a0 \u00a0\u00a0<img data-recalc-dims=\"1\" loading=\"lazy\" decoding=\"async\" class=\"alignnone wp-image-1487\" src=\"https:\/\/i0.wp.com\/arch-moser.it\/wp-content\/uploads\/2012\/01\/dscn1367.jpg?resize=173%2C230&#038;ssl=1\" alt=\"DSCN1367\" width=\"173\" height=\"230\" srcset=\"https:\/\/i0.wp.com\/arch-moser.it\/wp-content\/uploads\/2012\/01\/dscn1367.jpg?resize=225%2C300&amp;ssl=1 225w, https:\/\/i0.wp.com\/arch-moser.it\/wp-content\/uploads\/2012\/01\/dscn1367.jpg?resize=768%2C1024&amp;ssl=1 768w, https:\/\/i0.wp.com\/arch-moser.it\/wp-content\/uploads\/2012\/01\/dscn1367.jpg?w=1536&amp;ssl=1 1536w\" sizes=\"(max-width: 173px) 100vw, 173px\" \/>\u00a0 \u00a0 \u00a0\u00a0<img data-recalc-dims=\"1\" loading=\"lazy\" decoding=\"async\" class=\"alignnone wp-image-1486\" src=\"https:\/\/i0.wp.com\/arch-moser.it\/wp-content\/uploads\/2012\/01\/dscn1357.jpg?resize=172%2C229&#038;ssl=1\" alt=\"DSCN1357\" width=\"172\" height=\"229\" srcset=\"https:\/\/i0.wp.com\/arch-moser.it\/wp-content\/uploads\/2012\/01\/dscn1357.jpg?resize=225%2C300&amp;ssl=1 225w, https:\/\/i0.wp.com\/arch-moser.it\/wp-content\/uploads\/2012\/01\/dscn1357.jpg?resize=768%2C1024&amp;ssl=1 768w, https:\/\/i0.wp.com\/arch-moser.it\/wp-content\/uploads\/2012\/01\/dscn1357.jpg?w=1536&amp;ssl=1 1536w\" sizes=\"(max-width: 172px) 100vw, 172px\" \/><\/p>\n<p><img data-recalc-dims=\"1\" loading=\"lazy\" decoding=\"async\" class=\"alignnone  wp-image-3084\" src=\"https:\/\/i0.wp.com\/arch-moser.it\/wp-content\/uploads\/2015\/07\/img_8941.jpg?resize=521%2C391&#038;ssl=1\" alt=\"\" width=\"521\" height=\"391\" srcset=\"https:\/\/i0.wp.com\/arch-moser.it\/wp-content\/uploads\/2015\/07\/img_8941.jpg?resize=300%2C225&amp;ssl=1 300w, https:\/\/i0.wp.com\/arch-moser.it\/wp-content\/uploads\/2015\/07\/img_8941.jpg?resize=1024%2C768&amp;ssl=1 1024w, https:\/\/i0.wp.com\/arch-moser.it\/wp-content\/uploads\/2015\/07\/img_8941.jpg?w=1600&amp;ssl=1 1600w, https:\/\/i0.wp.com\/arch-moser.it\/wp-content\/uploads\/2015\/07\/img_8941.jpg?w=2400&amp;ssl=1 2400w\" sizes=\"(max-width: 521px) 100vw, 521px\" \/><\/p>\n<p><span style=\"font-family: Tahoma, Arial, Helvetica, sans-serif; font-size: 10pt;\">Das Projekt zeichnet sich durch die Vergr\u00f6\u00dferung des Eingangsbereiches aus sowie durch die etwas ungew\u00f6hnliche Dachgestaltung.<\/span><br \/>\n<span style=\"font-family: Tahoma, Arial, Helvetica, sans-serif; font-size: 10pt;\"> An der S\u00fcdostseite wurde ein Erker artiger Aufbau vorgesehen, welcher so konzipiert ist, dass die gestalterische Linien des angrenzenden Wohnhauses &#8222;Linter&#8220; aufgenommen und weitergef\u00fchrt werden. Dadurch entsteht ein gestalterischer Bezug zwischen den beiden Wohnh\u00e4usern, obwohl die baulichen Eingriffe zeitlich unabh\u00e4ngig voneinander durchgef\u00fchrt worden sind und andere Materialsprachen verwendet werden.<\/span><\/p>\n<p><img data-recalc-dims=\"1\" loading=\"lazy\" decoding=\"async\" class=\"alignnone wp-image-4919\" src=\"https:\/\/i0.wp.com\/arch-moser.it\/wp-content\/uploads\/2016\/05\/Haus_PUTZER_1.jpg?resize=249%2C199&#038;ssl=1\" alt=\"\" width=\"249\" height=\"199\" srcset=\"https:\/\/i0.wp.com\/arch-moser.it\/wp-content\/uploads\/2016\/05\/Haus_PUTZER_1.jpg?resize=300%2C240&amp;ssl=1 300w, https:\/\/i0.wp.com\/arch-moser.it\/wp-content\/uploads\/2016\/05\/Haus_PUTZER_1.jpg?w=500&amp;ssl=1 500w\" sizes=\"(max-width: 249px) 100vw, 249px\" \/>\u00a0\u00a0\u00a0\u00a0\u00a0 <img data-recalc-dims=\"1\" loading=\"lazy\" decoding=\"async\" class=\"alignnone wp-image-4916\" src=\"https:\/\/i0.wp.com\/arch-moser.it\/wp-content\/uploads\/2016\/05\/Haus_PUTZER_4.jpg?resize=250%2C200&#038;ssl=1\" alt=\"\" width=\"250\" height=\"200\" srcset=\"https:\/\/i0.wp.com\/arch-moser.it\/wp-content\/uploads\/2016\/05\/Haus_PUTZER_4.jpg?resize=300%2C240&amp;ssl=1 300w, https:\/\/i0.wp.com\/arch-moser.it\/wp-content\/uploads\/2016\/05\/Haus_PUTZER_4.jpg?w=500&amp;ssl=1 500w\" sizes=\"(max-width: 250px) 100vw, 250px\" \/><\/p>\n<p><img data-recalc-dims=\"1\" loading=\"lazy\" decoding=\"async\" class=\"alignnone wp-image-4917\" src=\"https:\/\/i0.wp.com\/arch-moser.it\/wp-content\/uploads\/2016\/05\/Haus_PUTZER_3.jpg?resize=521%2C417&#038;ssl=1\" alt=\"\" width=\"521\" height=\"417\" srcset=\"https:\/\/i0.wp.com\/arch-moser.it\/wp-content\/uploads\/2016\/05\/Haus_PUTZER_3.jpg?resize=300%2C240&amp;ssl=1 300w, https:\/\/i0.wp.com\/arch-moser.it\/wp-content\/uploads\/2016\/05\/Haus_PUTZER_3.jpg?w=500&amp;ssl=1 500w\" sizes=\"(max-width: 521px) 100vw, 521px\" \/><\/p>\n<p><span style=\"font-size: 10pt;\"><span style=\"font-family: Tahoma, Arial, Helvetica, sans-serif;\">Das Wohnhaus P. ist ein Beispiel daf\u00fcr, wie architektonische Bez\u00fcge zur Umgebung geschaffen werden k\u00f6nnen, ohne auf eine zeitgem\u00e4\u00dfe Formensprache verzichten zu m\u00fcssen.\u00a0<\/span><span style=\"font-family: Tahoma, Arial, Helvetica, sans-serif;\">Um so mehr freut es mich, diesen Bezug mit einem Projekt meines Freundes und Kollegen Benno Barth, welcher leider viel zu fr\u00fch im Jahre 2007 von uns gegangen ist, gefunden zu haben.<\/span><\/span><\/p>\n<p>&nbsp;<\/p>\n<p>&nbsp;<\/p>\n","protected":false},"excerpt":{"rendered":"<p>Den Stadtteil, in welchem dieses Projekt realisiert wurde, kenne ich sehr gut, denn 20 Jahre lang wohnte ich in einem nahe gelegenen Kondominium. Die Vorentw\u00fcrfe f\u00fcr die Sanierung und bauliche Erweiterung des Wohnhauses P. lassen sich an zwei H\u00e4nden abz\u00e4hlen: so schwierig erwies sich diese gestalterische Aufgabe, bis Bauherren und Architekt sich auf das endg\u00fcltige [&hellip;]<\/p>\n","protected":false},"author":1,"featured_media":4918,"comment_status":"closed","ping_status":"closed","sticky":false,"template":"","format":"standard","meta":{"ngg_post_thumbnail":0,"_jetpack_memberships_contains_paid_content":false,"footnotes":""},"categories":[2,3],"tags":[],"class_list":["post-3889","post","type-post","status-publish","format-standard","has-post-thumbnail","hentry","category-architektur","category-eigene-projekte"],"jetpack_featured_media_url":"https:\/\/i0.wp.com\/arch-moser.it\/wp-content\/uploads\/2016\/05\/Haus_PUTZER_2.jpg?fit=500%2C400&ssl=1","jetpack_sharing_enabled":true,"_links":{"self":[{"href":"https:\/\/arch-moser.it\/de\/wp-json\/wp\/v2\/posts\/3889","targetHints":{"allow":["GET"]}}],"collection":[{"href":"https:\/\/arch-moser.it\/de\/wp-json\/wp\/v2\/posts"}],"about":[{"href":"https:\/\/arch-moser.it\/de\/wp-json\/wp\/v2\/types\/post"}],"author":[{"embeddable":true,"href":"https:\/\/arch-moser.it\/de\/wp-json\/wp\/v2\/users\/1"}],"replies":[{"embeddable":true,"href":"https:\/\/arch-moser.it\/de\/wp-json\/wp\/v2\/comments?post=3889"}],"version-history":[{"count":18,"href":"https:\/\/arch-moser.it\/de\/wp-json\/wp\/v2\/posts\/3889\/revisions"}],"predecessor-version":[{"id":4921,"href":"https:\/\/arch-moser.it\/de\/wp-json\/wp\/v2\/posts\/3889\/revisions\/4921"}],"wp:featuredmedia":[{"embeddable":true,"href":"https:\/\/arch-moser.it\/de\/wp-json\/wp\/v2\/media\/4918"}],"wp:attachment":[{"href":"https:\/\/arch-moser.it\/de\/wp-json\/wp\/v2\/media?parent=3889"}],"wp:term":[{"taxonomy":"category","embeddable":true,"href":"https:\/\/arch-moser.it\/de\/wp-json\/wp\/v2\/categories?post=3889"},{"taxonomy":"post_tag","embeddable":true,"href":"https:\/\/arch-moser.it\/de\/wp-json\/wp\/v2\/tags?post=3889"}],"curies":[{"name":"wp","href":"https:\/\/api.w.org\/{rel}","templated":true}]}}