{"id":3059,"date":"2015-07-04T09:26:51","date_gmt":"2015-07-04T09:26:51","guid":{"rendered":"http:\/\/moserchristian.com\/?p=3057"},"modified":"2016-07-21T22:18:13","modified_gmt":"2016-07-21T20:18:13","slug":"erweiterung-feuerwehrgeratehaus-milland","status":"publish","type":"post","link":"https:\/\/arch-moser.it\/de\/erweiterung-feuerwehrgeratehaus-milland\/","title":{"rendered":"Erweiterung Feuerwehrhaus Milland"},"content":{"rendered":"<p><img data-recalc-dims=\"1\" fetchpriority=\"high\" decoding=\"async\" class=\"alignnone size-medium wp-image-3042\" src=\"https:\/\/i0.wp.com\/arch-moser.it\/wp-content\/uploads\/2015\/07\/img_7544.jpg?resize=300%2C225&#038;ssl=1\" alt=\"IMG_7544\" width=\"300\" height=\"225\" \/> <img data-recalc-dims=\"1\" decoding=\"async\" class=\"alignnone size-medium wp-image-3041\" src=\"https:\/\/i0.wp.com\/arch-moser.it\/wp-content\/uploads\/2015\/07\/img_7541_2.jpg?resize=300%2C225&#038;ssl=1\" alt=\"IMG_7541_2\" width=\"300\" height=\"225\" \/><\/p>\n<p><span style=\"font-family: arial,helvetica,sans-serif; font-size: 12pt;\">Im Zuge der Planung wurden vorrangig 3 Grundkonzepte verfolgt:<\/span><\/p>\n<ul>\n<li><span style=\"color: #cef011;\"><strong><span style=\"font-family: arial,helvetica,sans-serif; font-size: 12pt;\">die Erweiterung der Feuerwehrhalle nach S\u00fcden und die Errichtung von zwei zus\u00e4tzlichen Ausfahrten auf der Nordseite;<\/span><\/strong><\/span><\/li>\n<li><span style=\"color: #cef011;\"><strong><span style=\"font-family: arial,helvetica,sans-serif; font-size: 12pt;\">die Vergr\u00f6\u00dferung des Umkleidebereiches f\u00fcr ca. 60 Feuerwehrm\u00e4nner sowie die bauliche Umgestaltung und Vergr\u00f6\u00dferung des Kommando- und Funkraumes;<\/span><\/strong><\/span><\/li>\n<li><span style=\"color: #cef011;\"><strong><span style=\"font-family: arial,helvetica,sans-serif; font-size: 12pt;\">die Schaffung eines Jugendraumes im Untergescho\u00df.<\/span><\/strong><\/span><\/li>\n<\/ul>\n<p><span style=\"font-family: arial,helvetica,sans-serif; font-size: 12pt;\">Der Zubau soll das bestehende Geb\u00e4ude auf nat\u00fcrliche Art und Weise erg\u00e4nzen, gleichzeitig jedoch eine moderne architektonische Sprache sprechen und mehr Transparenz vermitteln.<\/span><\/p>\n<p><span style=\"font-family: arial,helvetica,sans-serif; font-size: 12pt;\">\u00dcber die zur G\u00e4nze verglasten Feuerwehrtore soll das Innere der Feuerwehrhalle auch von au\u00dfen einsehbar und erlebbar gemacht werden.<\/span><\/p>\n<p><span style=\"font-family: arial,helvetica,sans-serif; font-size: 12pt;\">Durch die Verl\u00e4ngerung des Kommando- und Funkraumes vor die neue Fassade und die quotenm\u00e4\u00dfige Anhebung des Funkraumes wurde eine bessere \u00dcbersicht auf die Ausfahrten und den Vorplatz gew\u00e4hrleistet .<\/span><\/p>\n<p><span style=\"font-family: arial,helvetica,sans-serif; font-size: 12pt;\">Der Zubau wurde zur G\u00e4nze unterkellert; ein Teil davon wird als Jugendraum genutzt wird, der restliche Teil als Lagerraum.<\/span><\/p>\n<p><span style=\"font-family: arial,helvetica,sans-serif; font-size: 12pt;\">Vom Vorbereich an der Westseite der Feuerwehrhalle gelangt man \u00fcber eine neue Au\u00dfentreppe zum oberen Vorplatz bzw. zum neuen Zugang zur Fahrzeughalle.<\/span><\/p>\n<p><img data-recalc-dims=\"1\" decoding=\"async\" class=\"alignnone size-medium wp-image-3040\" src=\"https:\/\/i0.wp.com\/arch-moser.it\/wp-content\/uploads\/2015\/07\/img_7538_2.jpg?resize=225%2C300&#038;ssl=1\" alt=\"IMG_7538_2\" width=\"225\" height=\"300\" \/> <img data-recalc-dims=\"1\" loading=\"lazy\" decoding=\"async\" class=\"alignnone size-medium wp-image-3039\" src=\"https:\/\/i0.wp.com\/arch-moser.it\/wp-content\/uploads\/2015\/07\/img_7535_2.jpg?resize=300%2C225&#038;ssl=1\" alt=\"IMG_7535_2\" width=\"300\" height=\"225\" \/><\/p>\n<p><span style=\"font-family: arial,helvetica,sans-serif; font-size: 12pt;\">siehe auch <a href=\"https:\/\/arch-moser.it\/presse\/\" target=\"_blank\">Pressemitteilung <\/a>vom April 2015<\/span><\/p>\n","protected":false},"excerpt":{"rendered":"<p>Im Zuge der Planung wurden vorrangig 3 Grundkonzepte verfolgt: die Erweiterung der Feuerwehrhalle nach S\u00fcden und die Errichtung von zwei zus\u00e4tzlichen Ausfahrten auf der Nordseite; die Vergr\u00f6\u00dferung des Umkleidebereiches f\u00fcr ca. 60 Feuerwehrm\u00e4nner sowie die bauliche Umgestaltung und Vergr\u00f6\u00dferung des Kommando- und Funkraumes; die Schaffung eines Jugendraumes im Untergescho\u00df. Der Zubau soll das bestehende Geb\u00e4ude [&hellip;]<\/p>\n","protected":false},"author":1,"featured_media":3525,"comment_status":"closed","ping_status":"closed","sticky":false,"template":"","format":"standard","meta":{"ngg_post_thumbnail":0,"_jetpack_memberships_contains_paid_content":false,"footnotes":""},"categories":[3],"tags":[33],"class_list":["post-3059","post","type-post","status-publish","format-standard","has-post-thumbnail","hentry","category-eigene-projekte","tag-projekte"],"jetpack_featured_media_url":"https:\/\/i0.wp.com\/arch-moser.it\/wp-content\/uploads\/2016\/03\/DSC05879.jpg?fit=500%2C375&ssl=1","jetpack_sharing_enabled":true,"_links":{"self":[{"href":"https:\/\/arch-moser.it\/de\/wp-json\/wp\/v2\/posts\/3059","targetHints":{"allow":["GET"]}}],"collection":[{"href":"https:\/\/arch-moser.it\/de\/wp-json\/wp\/v2\/posts"}],"about":[{"href":"https:\/\/arch-moser.it\/de\/wp-json\/wp\/v2\/types\/post"}],"author":[{"embeddable":true,"href":"https:\/\/arch-moser.it\/de\/wp-json\/wp\/v2\/users\/1"}],"replies":[{"embeddable":true,"href":"https:\/\/arch-moser.it\/de\/wp-json\/wp\/v2\/comments?post=3059"}],"version-history":[{"count":11,"href":"https:\/\/arch-moser.it\/de\/wp-json\/wp\/v2\/posts\/3059\/revisions"}],"predecessor-version":[{"id":4109,"href":"https:\/\/arch-moser.it\/de\/wp-json\/wp\/v2\/posts\/3059\/revisions\/4109"}],"wp:featuredmedia":[{"embeddable":true,"href":"https:\/\/arch-moser.it\/de\/wp-json\/wp\/v2\/media\/3525"}],"wp:attachment":[{"href":"https:\/\/arch-moser.it\/de\/wp-json\/wp\/v2\/media?parent=3059"}],"wp:term":[{"taxonomy":"category","embeddable":true,"href":"https:\/\/arch-moser.it\/de\/wp-json\/wp\/v2\/categories?post=3059"},{"taxonomy":"post_tag","embeddable":true,"href":"https:\/\/arch-moser.it\/de\/wp-json\/wp\/v2\/tags?post=3059"}],"curies":[{"name":"wp","href":"https:\/\/api.w.org\/{rel}","templated":true}]}}