{"id":1631,"date":"2012-04-11T21:08:38","date_gmt":"2012-04-11T19:08:38","guid":{"rendered":"http:\/\/moserchristian.wordpress.com\/?p=1631"},"modified":"2020-03-30T17:41:19","modified_gmt":"2020-03-30T15:41:19","slug":"20-jahre-planen-und-bauen","status":"publish","type":"post","link":"https:\/\/arch-moser.it\/de\/20-jahre-planen-und-bauen\/","title":{"rendered":"20 Jahre Planen und Bauen"},"content":{"rendered":"<p><span style=\"font-size: 10pt; font-family: Tahoma,Arial,Helvetica,sans-serif; color: #ddf507;\"><strong>&#8230;Wir bieten \u00fcber 20 Jahre Berufserfahrung, gute Kundenkontakte, langfristige Auftr\u00e4ge, vielseitige Projekte, interdisziplin\u00e4re Zusammenarbeit mit verschiedenen Firmen und Technikern&#8230;<\/strong><\/span><\/p>\n<p><span style=\"font-family: Tahoma,Arial,Helvetica,sans-serif; font-size: 10pt;\"><img data-recalc-dims=\"1\" fetchpriority=\"high\" decoding=\"async\" class=\"alignnone wp-image-1850 size-medium\" title=\"projekte bma 05-06 02\" src=\"https:\/\/i0.wp.com\/arch-moser.it\/wp-content\/uploads\/2012\/04\/projekte-bma-05-06-02-e1463255569298-210x300.jpg?resize=210%2C300&#038;ssl=1\" width=\"210\" height=\"300\" srcset=\"https:\/\/i0.wp.com\/arch-moser.it\/wp-content\/uploads\/2012\/04\/projekte-bma-05-06-02-e1463255569298.jpg?resize=210%2C300&amp;ssl=1 210w, https:\/\/i0.wp.com\/arch-moser.it\/wp-content\/uploads\/2012\/04\/projekte-bma-05-06-02-e1463255569298.jpg?w=495&amp;ssl=1 495w\" sizes=\"(max-width: 210px) 100vw, 210px\" \/>\u00a0 \u00a0\u00a0<img data-recalc-dims=\"1\" decoding=\"async\" class=\"alignnone wp-image-1849 size-medium\" title=\"projekte bma 05-06 01\" src=\"https:\/\/i0.wp.com\/arch-moser.it\/wp-content\/uploads\/2012\/04\/projekte-bma-05-06-01-e1463255603243-209x300.jpg?resize=209%2C300&#038;ssl=1\" width=\"209\" height=\"300\" srcset=\"https:\/\/i0.wp.com\/arch-moser.it\/wp-content\/uploads\/2012\/04\/projekte-bma-05-06-01-e1463255603243.jpg?resize=209%2C300&amp;ssl=1 209w, https:\/\/i0.wp.com\/arch-moser.it\/wp-content\/uploads\/2012\/04\/projekte-bma-05-06-01-e1463255603243.jpg?w=489&amp;ssl=1 489w\" sizes=\"(max-width: 209px) 100vw, 209px\" \/>\u00a0 \u00a0\u00a0<img data-recalc-dims=\"1\" decoding=\"async\" class=\"alignnone wp-image-1851 size-medium\" title=\"projekte bma 04-05 01\" src=\"https:\/\/i0.wp.com\/arch-moser.it\/wp-content\/uploads\/2012\/04\/projekte-bma-04-05-01-e1463255629522-212x300.jpg?resize=212%2C300&#038;ssl=1\" width=\"212\" height=\"300\" srcset=\"https:\/\/i0.wp.com\/arch-moser.it\/wp-content\/uploads\/2012\/04\/projekte-bma-04-05-01-e1463255629522.jpg?resize=212%2C300&amp;ssl=1 212w, https:\/\/i0.wp.com\/arch-moser.it\/wp-content\/uploads\/2012\/04\/projekte-bma-04-05-01-e1463255629522.jpg?w=507&amp;ssl=1 507w\" sizes=\"(max-width: 212px) 100vw, 212px\" \/><\/span><\/p>\n<div><span style=\"font-family: Tahoma,Arial,Helvetica,sans-serif; font-size: 10pt;\">Man m\u00f6chte meinen, es sei ein langer, steiler und steiniger Weg, um derartige &#8222;Pr\u00e4dikate&#8220; im <span style=\"color: #ddf507;\"><strong><a style=\"color: #ddf507;\" href=\"https:\/\/arch-moser.it\/lebenslauf\/\">curriculum <\/a><\/strong><\/span>vorweisen zu k\u00f6nnen.<\/span><\/div>\n<div><span style=\"font-family: Tahoma,Arial,Helvetica,sans-serif; font-size: 10pt;\">Dabei sind die Jahre eigentlich schnell vergangen, vieles ist mir nicht mehr genau im Ged\u00e4chtnis geblieben.<\/span><\/div>\n<div><span style=\"font-family: Tahoma,Arial,Helvetica,sans-serif; font-size: 10pt;\">Dies ist ein Versuch ein wenig dar\u00fcber nachzudenken, was innerhalb dieses Zeitfensters von 20 Jahren an Erinnerungswertem f\u00fcr mich \u00fcbrig geblieben ist.<\/span><\/div>\n<div><span style=\"font-family: Tahoma,Arial,Helvetica,sans-serif; font-size: 10pt;\">\u00a0<\/span><\/div>\n<div><span style=\"font-family: Tahoma,Arial,Helvetica,sans-serif; font-size: 10pt;\">Angefangen mit dem Architekturstudium in Innsbruck, den Besuch der Sommerakademie in Salzburg, den Ferienjobs bei Arch. Roland Cimadom und Arch. Ralf Dejaco, der kurzzeitigen Anstellung bei Arch. Christian Mahlknecht am Domplatz und schlie\u00dflich mit dem fr\u00fchen Sprung in die Selbst\u00e4ndigkeit &#8211; ausgel\u00f6st durch den Gewinn des Planungswettbewerbes f\u00fcr das Dorfzentrum in Nals &#8211; begann f\u00fcr mich das Abenteuer <em>Architekt<\/em>.<\/span><\/div>\n<div><span style=\"font-family: Tahoma,Arial,Helvetica,sans-serif; font-size: 10pt;\">\u00a0<\/span><\/div>\n<div><span style=\"font-family: Tahoma,Arial,Helvetica,sans-serif; font-size: 10pt;\">Die eigens (f\u00fcr\u00a0das gemeinsam mit Architekt Markus Tauber gewonnene Projekt in Nals) gegr\u00fcndete\u00a0Architektengemeinschaft Tauber M. &#038; Moser Ch. war von kurzer Dauer und operierte schon bald nur mehr projektbezogen: zu weit auseinander gingen wahrscheinlich unsere Vorstellungen in Sachen Kooperation. Eine derartige Erfahrung zu Beginn der beruflichen Laufbahn war nicht einfach zu h\u00e4ndeln, aber im Nachhinein betrachtet sicherlich Ok, weil sie beide Seiten best\u00e4rkte, die eigene Individualit\u00e4t auszuleben.<\/span><\/div>\n<div><\/div>\n<div><span style=\"font-family: Tahoma,Arial,Helvetica,sans-serif; font-size: 10pt;\"><img data-recalc-dims=\"1\" loading=\"lazy\" decoding=\"async\" class=\"alignnone wp-image-1894 size-medium\" title=\"Fotoarchiv - 2123\" src=\"https:\/\/i0.wp.com\/arch-moser.it\/wp-content\/uploads\/2012\/04\/fotoarchiv-2123-e1463255660593-223x300.jpg?resize=223%2C300&#038;ssl=1\" width=\"223\" height=\"300\" \/>\u00a0 \u00a0 <img data-recalc-dims=\"1\" loading=\"lazy\" decoding=\"async\" class=\"alignnone wp-image-1895 \" title=\"Fotoarchiv - 2127\" src=\"https:\/\/i0.wp.com\/arch-moser.it\/wp-content\/uploads\/2012\/04\/fotoarchiv-2127-e1463255684161-300x226.jpg?resize=397%2C299&#038;ssl=1\" width=\"397\" height=\"299\" srcset=\"https:\/\/i0.wp.com\/arch-moser.it\/wp-content\/uploads\/2012\/04\/fotoarchiv-2127-e1463255684161.jpg?resize=300%2C226&amp;ssl=1 300w, https:\/\/i0.wp.com\/arch-moser.it\/wp-content\/uploads\/2012\/04\/fotoarchiv-2127-e1463255684161.jpg?resize=1024%2C771&amp;ssl=1 1024w, https:\/\/i0.wp.com\/arch-moser.it\/wp-content\/uploads\/2012\/04\/fotoarchiv-2127-e1463255684161.jpg?resize=860%2C648&amp;ssl=1 860w, https:\/\/i0.wp.com\/arch-moser.it\/wp-content\/uploads\/2012\/04\/fotoarchiv-2127-e1463255684161.jpg?w=1600&amp;ssl=1 1600w, https:\/\/i0.wp.com\/arch-moser.it\/wp-content\/uploads\/2012\/04\/fotoarchiv-2127-e1463255684161.jpg?w=2400&amp;ssl=1 2400w\" sizes=\"(max-width: 397px) 100vw, 397px\" \/><\/span><\/div>\n<div><span style=\"color: #ebeb10;\"><strong><span style=\"font-family: Tahoma,Arial,Helvetica,sans-serif; font-size: 10pt;\">Feuerwehrhalle Nals<\/span><\/strong><\/span><\/div>\n<p><span style=\"font-family: Tahoma,Arial,Helvetica,sans-serif; font-size: 10pt;\">Schon bald zog es mich hin zum M\u00f6beldesign, eine Passion die mich bis heute nicht losgelassen hat und mir wunderbare Erfahrungen beschert hat: <em>Gar\u00e7on, Thing, Lea, Hallo, Spuntino, Lhotse <\/em>sind\u00a0verwirklichete Prototypen. Was bei den Geb\u00e4uden als Silhouette wahrgenommen wird, wird bei den M\u00f6belst\u00fccken \u00fcber deren Kantenausbildung zum Ausdruck gebracht.<\/span><\/p>\n<div><span style=\"font-family: Tahoma,Arial,Helvetica,sans-serif; font-size: 10pt;\"><img data-recalc-dims=\"1\" loading=\"lazy\" decoding=\"async\" class=\"alignnone wp-image-1590 size-medium\" style=\"cursor: default; border: 0 initial initial;\" title=\"thing\" src=\"https:\/\/i0.wp.com\/arch-moser.it\/wp-content\/uploads\/2012\/03\/thing-e1463255726263-300x226.jpg?resize=300%2C226&#038;ssl=1\" width=\"300\" height=\"226\" \/><\/span><\/div>\n<div><span style=\"color: #ebeb10;\"><strong><span style=\"font-family: Tahoma,Arial,Helvetica,sans-serif; font-size: 10pt;\">&#8222;Thing&#8220;<\/span><\/strong><\/span><\/div>\n<div><span style=\"font-family: Tahoma,Arial,Helvetica,sans-serif; font-size: 10pt;\">\u00a0<img data-recalc-dims=\"1\" loading=\"lazy\" decoding=\"async\" class=\"alignnone wp-image-1821 size-medium\" title=\"Foto7\" src=\"https:\/\/i0.wp.com\/arch-moser.it\/wp-content\/uploads\/2012\/04\/foto7.jpeg?resize=285%2C300&#038;ssl=1\" width=\"285\" height=\"300\" srcset=\"https:\/\/i0.wp.com\/arch-moser.it\/wp-content\/uploads\/2012\/04\/foto7.jpeg?resize=285%2C300&amp;ssl=1 285w, https:\/\/i0.wp.com\/arch-moser.it\/wp-content\/uploads\/2012\/04\/foto7.jpeg?resize=974%2C1024&amp;ssl=1 974w, https:\/\/i0.wp.com\/arch-moser.it\/wp-content\/uploads\/2012\/04\/foto7.jpeg?w=1600&amp;ssl=1 1600w\" sizes=\"(max-width: 285px) 100vw, 285px\" \/>\u00a0\u00a0 <\/span><\/div>\n<div><span style=\"color: #ebeb10;\"><strong><span style=\"font-family: Tahoma,Arial,Helvetica,sans-serif; font-size: 10pt;\">&#8222;Lothse&#8220;\u00a0<\/span><\/strong><\/span><\/div>\n<div><span style=\"font-family: Tahoma,Arial,Helvetica,sans-serif; font-size: 10pt;\"><img data-recalc-dims=\"1\" loading=\"lazy\" decoding=\"async\" class=\"alignnone wp-image-1823 \" style=\"cursor: default; border: 0 initial initial;\" title=\"Foto9\" src=\"https:\/\/i0.wp.com\/arch-moser.it\/wp-content\/uploads\/2012\/04\/foto9-e1463255762388-256x300.jpg?resize=288%2C338&#038;ssl=1\" width=\"288\" height=\"338\" srcset=\"https:\/\/i0.wp.com\/arch-moser.it\/wp-content\/uploads\/2012\/04\/foto9-e1463255762388.jpg?resize=256%2C300&amp;ssl=1 256w, https:\/\/i0.wp.com\/arch-moser.it\/wp-content\/uploads\/2012\/04\/foto9-e1463255762388.jpg?resize=875%2C1024&amp;ssl=1 875w, https:\/\/i0.wp.com\/arch-moser.it\/wp-content\/uploads\/2012\/04\/foto9-e1463255762388.jpg?resize=860%2C1006&amp;ssl=1 860w, https:\/\/i0.wp.com\/arch-moser.it\/wp-content\/uploads\/2012\/04\/foto9-e1463255762388.jpg?w=1241&amp;ssl=1 1241w\" sizes=\"(max-width: 288px) 100vw, 288px\" \/><br \/>\n<\/span><\/div>\n<div><span style=\"color: #ebeb10;\"><strong><span style=\"font-family: Tahoma,Arial,Helvetica,sans-serif; font-size: 10pt;\">&#8222;Gar\u00e7on&#8220; (Raumteiler)<\/span><\/strong><\/span><\/div>\n<div><span style=\"font-family: Tahoma,Arial,Helvetica,sans-serif; font-size: 10pt;\">\u00a0<\/span><\/div>\n<div><span style=\"font-family: Tahoma,Arial,Helvetica,sans-serif; font-size: 10pt;\"><img data-recalc-dims=\"1\" loading=\"lazy\" decoding=\"async\" class=\"alignnone wp-image-1825 \" title=\"Foto11\" src=\"https:\/\/i0.wp.com\/arch-moser.it\/wp-content\/uploads\/2012\/04\/foto11-e1463255788947-300x300.jpg?resize=201%2C201&#038;ssl=1\" width=\"201\" height=\"201\" srcset=\"https:\/\/i0.wp.com\/arch-moser.it\/wp-content\/uploads\/2012\/04\/foto11-e1463255788947.jpg?resize=300%2C300&amp;ssl=1 300w, https:\/\/i0.wp.com\/arch-moser.it\/wp-content\/uploads\/2012\/04\/foto11-e1463255788947.jpg?resize=150%2C150&amp;ssl=1 150w, https:\/\/i0.wp.com\/arch-moser.it\/wp-content\/uploads\/2012\/04\/foto11-e1463255788947.jpg?w=531&amp;ssl=1 531w\" sizes=\"(max-width: 201px) 100vw, 201px\" \/>\u00a0 \u00a0\u00a0\u00a0\u00a0\u00a0 <img data-recalc-dims=\"1\" loading=\"lazy\" decoding=\"async\" class=\"alignnone wp-image-1824 \" title=\"Foto10\" src=\"https:\/\/i0.wp.com\/arch-moser.it\/wp-content\/uploads\/2012\/04\/foto10-e1463255817573-296x300.jpg?resize=200%2C202&#038;ssl=1\" width=\"200\" height=\"202\" srcset=\"https:\/\/i0.wp.com\/arch-moser.it\/wp-content\/uploads\/2012\/04\/foto10-e1463255817573.jpg?resize=296%2C300&amp;ssl=1 296w, https:\/\/i0.wp.com\/arch-moser.it\/wp-content\/uploads\/2012\/04\/foto10-e1463255817573.jpg?w=526&amp;ssl=1 526w\" sizes=\"(max-width: 200px) 100vw, 200px\" \/><\/span><\/div>\n<div><span style=\"color: #ebeb10;\"><strong><span style=\"font-family: Tahoma,Arial,Helvetica,sans-serif; font-size: 10pt;\">&#8222;Lea&#8220; (Kinderzimmerprogramm)<\/span><\/strong><\/span><\/div>\n<address><span style=\"font-family: Tahoma,Arial,Helvetica,sans-serif; font-size: 10pt;\">\u00a0 \u00a0\u00a0 \u00a0<\/span><\/address>\n<address><img data-recalc-dims=\"1\" loading=\"lazy\" decoding=\"async\" class=\"alignnone wp-image-1903 \" src=\"https:\/\/i0.wp.com\/arch-moser.it\/wp-content\/uploads\/2012\/04\/hauptmotiv-moserbarth-e1463257838425-237x300.jpg?resize=221%2C279&#038;ssl=1\" width=\"221\" height=\"279\" srcset=\"https:\/\/i0.wp.com\/arch-moser.it\/wp-content\/uploads\/2012\/04\/hauptmotiv-moserbarth-e1463257838425.jpg?resize=237%2C300&amp;ssl=1 237w, https:\/\/i0.wp.com\/arch-moser.it\/wp-content\/uploads\/2012\/04\/hauptmotiv-moserbarth-e1463257838425.jpg?w=496&amp;ssl=1 496w\" sizes=\"(max-width: 221px) 100vw, 221px\" \/>\u00a0 \u00a0<img data-recalc-dims=\"1\" loading=\"lazy\" decoding=\"async\" class=\"alignnone wp-image-1904\" src=\"https:\/\/i0.wp.com\/arch-moser.it\/wp-content\/uploads\/2012\/04\/moser-barth-betail-2.jpg?resize=183%2C278&#038;ssl=1\" alt=\"Moser: Barth Betail 2\" width=\"183\" height=\"278\" srcset=\"https:\/\/i0.wp.com\/arch-moser.it\/wp-content\/uploads\/2012\/04\/moser-barth-betail-2.jpg?resize=197%2C300&amp;ssl=1 197w, https:\/\/i0.wp.com\/arch-moser.it\/wp-content\/uploads\/2012\/04\/moser-barth-betail-2.jpg?resize=671%2C1024&amp;ssl=1 671w, https:\/\/i0.wp.com\/arch-moser.it\/wp-content\/uploads\/2012\/04\/moser-barth-betail-2.jpg?w=1750&amp;ssl=1 1750w, https:\/\/i0.wp.com\/arch-moser.it\/wp-content\/uploads\/2012\/04\/moser-barth-betail-2.jpg?w=1600&amp;ssl=1 1600w\" sizes=\"(max-width: 183px) 100vw, 183px\" \/>\u00a0 \u00a0<img data-recalc-dims=\"1\" loading=\"lazy\" decoding=\"async\" class=\"alignnone wp-image-1902\" src=\"https:\/\/i0.wp.com\/arch-moser.it\/wp-content\/uploads\/2012\/04\/barthmoser-detail-3.jpg?resize=314%2C277&#038;ssl=1\" alt=\"Barth:Moser Detail 3\" width=\"314\" height=\"277\" srcset=\"https:\/\/i0.wp.com\/arch-moser.it\/wp-content\/uploads\/2012\/04\/barthmoser-detail-3.jpg?resize=300%2C265&amp;ssl=1 300w, https:\/\/i0.wp.com\/arch-moser.it\/wp-content\/uploads\/2012\/04\/barthmoser-detail-3.jpg?resize=1024%2C905&amp;ssl=1 1024w, https:\/\/i0.wp.com\/arch-moser.it\/wp-content\/uploads\/2012\/04\/barthmoser-detail-3.jpg?w=1969&amp;ssl=1 1969w, https:\/\/i0.wp.com\/arch-moser.it\/wp-content\/uploads\/2012\/04\/barthmoser-detail-3.jpg?w=1600&amp;ssl=1 1600w\" sizes=\"(max-width: 314px) 100vw, 314px\" \/><\/address>\n<address><span style=\"color: #ebeb10;\"><strong><span style=\"font-family: Tahoma,Arial,Helvetica,sans-serif; font-size: 10pt;\">Vitrinenschr\u00e4nke<\/span><\/strong><\/span><\/address>\n<p><span style=\"font-family: Tahoma,Arial,Helvetica,sans-serif; font-size: 10pt;\">Die Neunziger Jahre waren gepr\u00e4gt vom kontinuierlichen Wachstum und Ausbau meiner B\u00fcrostruktur, die in der so wunderbar heimeligen Hofburggasse Nr. 15 untergebracht war &#8211; in denselben R\u00e4umlichkeiten hatte ich n\u00e4mlich bis zum 17. Lebensjahr gewohnt.<\/span><\/p>\n<div><span style=\"font-family: Tahoma,Arial,Helvetica,sans-serif; font-size: 10pt;\">Schon damals arbeitete ich am Konzept, s\u00e4mtliche technische Leistungen, welche im Laufe der Realisierung eines Projektes bzw. Bauvorhabens erforderlich sind, &#8222;im Haus&#8220; zu bearbeiten und nicht an externe technische B\u00fcros weiter zu vergeben. Dies verschafft mehr \u00dcberblick, spart Zeit und Kosten und ist ein gro\u00dfer Vorteil f\u00fcr die Kunden.<\/span><\/div>\n<div><span style=\"font-family: Tahoma,Arial,Helvetica,sans-serif; font-size: 10pt;\">Die Verwendung eines gr\u00f6\u00dftenteils selber programmierten Datenbanksystems half mir bei der internen Organisation und im Verwaltungsbereich. Auf diese Weise entstand im Laufe der Zeit ein individuelles Arbeitssystem, auf welches ich\u00a0bei jedem neuen Auftrag zur\u00fcckgreifen konnte und bei dem ich meine Mitarbeiter immer besser und rationeller einbeziehen konnte.<\/span><\/div>\n<p><span style=\"font-family: Tahoma,Arial,Helvetica,sans-serif; font-size: 10pt;\">Arbeit gab es damals jede Menge, zeitweise betreute ich 8 bis 10 Baustellen gleichzeitig.\u00a0Die ersten baulichen Erfahrungen machte ich mit Sanierungen von Altbauten (z.B.\u00a0<em>Hinterhaus Schondorf in Bruneck<\/em>) bzw. mit Dachgescho\u00dfausbauten (z.B.\u00a0<em>Wohnhaus Thaler Brixen\/Kranebitt, Wohnhaus Kaser Brixen\/Kinderdorf<\/em>). Besonders f\u00fcr die Wohnung von Elisabeth und Christoph Thaler bekam und bekomme ich immer wieder viel Anerkennung und Lob.<\/span><\/p>\n<address><span style=\"color: #ebeb10;\"><strong><span style=\"font-family: Tahoma,Arial,Helvetica,sans-serif; font-size: 10pt;\">Wohnhaus &#8222;Thaler&#8220;<\/span><\/strong><\/span><\/address>\n<address><span style=\"font-family: Tahoma,Arial,Helvetica,sans-serif; font-size: 10pt;\">\u00a0<\/span><\/address>\n<address><span style=\"font-family: Tahoma,Arial,Helvetica,sans-serif; font-size: 10pt;\"><img data-recalc-dims=\"1\" loading=\"lazy\" decoding=\"async\" class=\"alignnone size-medium wp-image-4201\" src=\"https:\/\/i0.wp.com\/arch-moser.it\/wp-content\/uploads\/2012\/04\/Haus_Thaler4.jpg?resize=218%2C300&#038;ssl=1\" alt=\"Haus_Thaler4\" width=\"218\" height=\"300\" srcset=\"https:\/\/i0.wp.com\/arch-moser.it\/wp-content\/uploads\/2012\/04\/Haus_Thaler4.jpg?resize=218%2C300&amp;ssl=1 218w, https:\/\/i0.wp.com\/arch-moser.it\/wp-content\/uploads\/2012\/04\/Haus_Thaler4.jpg?w=500&amp;ssl=1 500w\" sizes=\"(max-width: 218px) 100vw, 218px\" \/>\u00a0\u00a0 <img data-recalc-dims=\"1\" loading=\"lazy\" decoding=\"async\" class=\"alignnone wp-image-4202\" src=\"https:\/\/i0.wp.com\/arch-moser.it\/wp-content\/uploads\/2012\/04\/Wohnhaus_KASER.jpeg?resize=423%2C299&#038;ssl=1\" alt=\"Wohnhaus_KASER\" width=\"423\" height=\"299\" srcset=\"https:\/\/i0.wp.com\/arch-moser.it\/wp-content\/uploads\/2012\/04\/Wohnhaus_KASER.jpeg?resize=300%2C212&amp;ssl=1 300w, https:\/\/i0.wp.com\/arch-moser.it\/wp-content\/uploads\/2012\/04\/Wohnhaus_KASER.jpeg?w=500&amp;ssl=1 500w\" sizes=\"(max-width: 423px) 100vw, 423px\" \/><\/span><\/address>\n<address><strong><span style=\"font-family: Tahoma,Arial,Helvetica,sans-serif; font-size: 10pt;\">\u00a0 \u00a0 \u00a0 \u00a0 \u00a0 \u00a0 \u00a0 \u00a0 \u00a0 \u00a0 \u00a0 \u00a0 \u00a0 \u00a0 \u00a0 \u00a0 \u00a0 \u00a0 \u00a0 \u00a0 \u00a0 \u00a0 \u00a0 \u00a0 \u00a0 \u00a0 \u00a0 \u00a0 \u00a0 \u00a0\u00a0<span style=\"color: #ebeb10;\">Wohnhaus &#8222;Kaser&#8220;<\/span><\/span><\/strong><\/address>\n<p><span style=\"font-family: Tahoma,Arial,Helvetica,sans-serif; font-size: 10pt;\">Ein anspruchsvolles Projekt der ersten Stunde war die <em>Sanierung des Hinterhauses &#8222;Schondorf&#8220; in Bruneck<\/em>. Hier bekam ich durch meinen langj\u00e4hrigen Freund Georg Schondorf die Gelegenheit, eine \u00d6nothek, eine \u00f6ffentliche Bibliothek und 2 lofts gleichzeitig in einem historischen Geb\u00e4ude mitten in der Altstadt in Bruneck unterzubringen.<\/span><\/p>\n<address><span style=\"font-family: Arial,Helvetica,sans-serif;\"><img data-recalc-dims=\"1\" loading=\"lazy\" decoding=\"async\" class=\"alignnone wp-image-4209\" src=\"https:\/\/i0.wp.com\/arch-moser.it\/wp-content\/uploads\/2012\/04\/Schondorf.jpeg?resize=216%2C327&#038;ssl=1\" alt=\"Schondorf\" width=\"216\" height=\"327\" srcset=\"https:\/\/i0.wp.com\/arch-moser.it\/wp-content\/uploads\/2012\/04\/Schondorf.jpeg?resize=198%2C300&amp;ssl=1 198w, https:\/\/i0.wp.com\/arch-moser.it\/wp-content\/uploads\/2012\/04\/Schondorf.jpeg?w=500&amp;ssl=1 500w\" sizes=\"(max-width: 216px) 100vw, 216px\" \/>\u00a0 \u00a0<\/span><\/address>\n<address><span style=\"color: #ebeb10;\"><strong><span style=\"font-family: Tahoma,Arial,Helvetica,sans-serif; font-size: 10pt;\">Hinterhaus &#8222;Schondorf&#8220; in Bruneck<\/span><\/strong><\/span><\/address>\n<p><span style=\"font-family: Tahoma,Arial,Helvetica,sans-serif; font-size: 10pt;\">Eine wichtige Starthilfe gab mir auch mein Schwager Franz Hinteregger, dem ich die Projekte in L\u00fcsen f\u00fcr die <em>Sanierung des denkmalgesch\u00fctzten Mairhofes<\/em> sowie die <em>Errichtung einer Wohnanlage &#8222;Am Kirchsteig&#8220; <\/em>zu verdanken habe.<\/span><\/p>\n<div><span style=\"font-family: Arial,Helvetica,sans-serif;\"><img data-recalc-dims=\"1\" loading=\"lazy\" decoding=\"async\" class=\"alignnone wp-image-1804\" src=\"https:\/\/i0.wp.com\/arch-moser.it\/wp-content\/uploads\/2012\/04\/foto6.jpeg?resize=211%2C315&#038;ssl=1\" alt=\"Foto6\" width=\"211\" height=\"315\" \/>\u00a0\u00a0 <img data-recalc-dims=\"1\" loading=\"lazy\" decoding=\"async\" class=\"alignnone wp-image-1800\" src=\"https:\/\/i0.wp.com\/arch-moser.it\/wp-content\/uploads\/2012\/04\/foto2.jpg?resize=470%2C315&#038;ssl=1\" alt=\"Foto2\" width=\"470\" height=\"315\" \/><\/span><\/div>\n<div><span style=\"color: #ebeb10;\"><em><strong><span style=\"font-family: Tahoma,Arial,Helvetica,sans-serif; font-size: 10pt;\">Wohnanlage in L\u00fcsen<\/span><\/strong><\/em><\/span><\/div>\n<p><span style=\"font-family: Tahoma,Arial,Helvetica,sans-serif; font-size: 10pt;\">Im B\u00fcro hatte ich flei\u00dfige Frauen, welche die technischen Unterlagen vorbereiteten: <em>Nathalie, Karin, Annemarie, Carolin und Doris <\/em>waren die Mitarbeiterinnen der ersten Jahre. Dann kam <em>Giancarlo<\/em>, ein Quereinsteiger, der gleichzeitig die Abendschule f\u00fcr Geometer besuchte und mir vor allem in Sachen Arbeitssicherheit kr\u00e4ftig unter die Arme griff. Damals nahm ich \u00fcber die Sommermonate auch einige Studenten auf: <em>Brigitte, Christine, Valerie, Manfred. <\/em>Letzterer entwickelte sich \u00fcber die Jahre hinweg zu einem sehr selbst\u00e4ndigen, effizienten und loyalen Mitarbeiter. Manni blieb uns auch nach dem Studium treu und verliess das B\u00fcro in Richtung Selbst\u00e4ndigkeit\u00a0Ende 2010,\u00a0nach insgesamt 13 Jahren fruchtbarer Zusammenarbeit.<\/span><\/p>\n<address><span style=\"font-family: Tahoma,Arial,Helvetica,sans-serif; font-size: 10pt;\"><img data-recalc-dims=\"1\" loading=\"lazy\" decoding=\"async\" class=\"alignnone wp-image-1750\" src=\"https:\/\/i0.wp.com\/arch-moser.it\/wp-content\/uploads\/2012\/04\/dscf0038.jpg?resize=259%2C194&#038;ssl=1\" alt=\"DSCF0038\" width=\"259\" height=\"194\" srcset=\"https:\/\/i0.wp.com\/arch-moser.it\/wp-content\/uploads\/2012\/04\/dscf0038.jpg?resize=300%2C225&amp;ssl=1 300w, https:\/\/i0.wp.com\/arch-moser.it\/wp-content\/uploads\/2012\/04\/dscf0038.jpg?w=640&amp;ssl=1 640w\" sizes=\"(max-width: 259px) 100vw, 259px\" \/>\u00a0\u00a0 <\/span><span style=\"font-family: Tahoma,Arial,Helvetica,sans-serif; font-size: 10pt;\"> <img data-recalc-dims=\"1\" loading=\"lazy\" decoding=\"async\" class=\"alignnone wp-image-1774\" src=\"https:\/\/i0.wp.com\/arch-moser.it\/wp-content\/uploads\/2012\/04\/boden2.jpg?resize=177%2C193&#038;ssl=1\" alt=\"Boden2\" width=\"177\" height=\"193\" srcset=\"https:\/\/i0.wp.com\/arch-moser.it\/wp-content\/uploads\/2012\/04\/boden2.jpg?resize=276%2C300&amp;ssl=1 276w, https:\/\/i0.wp.com\/arch-moser.it\/wp-content\/uploads\/2012\/04\/boden2.jpg?w=480&amp;ssl=1 480w\" sizes=\"(max-width: 177px) 100vw, 177px\" \/> \u00a0 <\/span><strong><span style=\"font-family: Tahoma,Arial,Helvetica,sans-serif; font-size: 10pt;\"><img data-recalc-dims=\"1\" loading=\"lazy\" decoding=\"async\" class=\"alignnone wp-image-4204\" src=\"https:\/\/i0.wp.com\/arch-moser.it\/wp-content\/uploads\/2012\/04\/Gemeindenverband3.jpg?resize=148%2C193&#038;ssl=1\" alt=\"Gemeindenverband3\" width=\"148\" height=\"193\" \/><\/span><\/strong><\/address>\n<address><span style=\"color: #ebeb10;\"><strong><span style=\"font-family: Tahoma,Arial,Helvetica,sans-serif; font-size: 10pt;\">Sitz S\u00fcdtiroler Gemeindenverband Bozen<\/span><\/strong><\/span><\/address>\n<address><span style=\"font-family: Tahoma,Arial,Helvetica,sans-serif; font-size: 10pt;\">\u00a0<\/span><\/address>\n<div><span style=\"font-family: Arial,Helvetica,sans-serif;\"><img data-recalc-dims=\"1\" loading=\"lazy\" decoding=\"async\" class=\"alignnone size-medium wp-image-1747\" src=\"https:\/\/i0.wp.com\/arch-moser.it\/wp-content\/uploads\/2012\/04\/213-041201-endstand-04.jpg?resize=300%2C225&#038;ssl=1\" alt=\"213-041201 endstand 04\" width=\"300\" height=\"225\" srcset=\"https:\/\/i0.wp.com\/arch-moser.it\/wp-content\/uploads\/2012\/04\/213-041201-endstand-04.jpg?resize=300%2C225&amp;ssl=1 300w, https:\/\/i0.wp.com\/arch-moser.it\/wp-content\/uploads\/2012\/04\/213-041201-endstand-04.jpg?resize=1024%2C768&amp;ssl=1 1024w, https:\/\/i0.wp.com\/arch-moser.it\/wp-content\/uploads\/2012\/04\/213-041201-endstand-04.jpg?w=1600&amp;ssl=1 1600w, https:\/\/i0.wp.com\/arch-moser.it\/wp-content\/uploads\/2012\/04\/213-041201-endstand-04.jpg?w=2400&amp;ssl=1 2400w\" sizes=\"(max-width: 300px) 100vw, 300px\" \/>\u00a0\u00a0 <img data-recalc-dims=\"1\" loading=\"lazy\" decoding=\"async\" class=\"alignnone size-medium wp-image-1748\" src=\"https:\/\/i0.wp.com\/arch-moser.it\/wp-content\/uploads\/2012\/04\/213-041201-endstand-10.jpg?resize=300%2C225&#038;ssl=1\" alt=\"213-041201 endstand 10\" width=\"300\" height=\"225\" srcset=\"https:\/\/i0.wp.com\/arch-moser.it\/wp-content\/uploads\/2012\/04\/213-041201-endstand-10.jpg?resize=300%2C225&amp;ssl=1 300w, https:\/\/i0.wp.com\/arch-moser.it\/wp-content\/uploads\/2012\/04\/213-041201-endstand-10.jpg?resize=1024%2C768&amp;ssl=1 1024w, https:\/\/i0.wp.com\/arch-moser.it\/wp-content\/uploads\/2012\/04\/213-041201-endstand-10.jpg?w=1600&amp;ssl=1 1600w, https:\/\/i0.wp.com\/arch-moser.it\/wp-content\/uploads\/2012\/04\/213-041201-endstand-10.jpg?w=2400&amp;ssl=1 2400w\" sizes=\"(max-width: 300px) 100vw, 300px\" \/><\/span><\/div>\n<div><span style=\"color: #ebeb10;\"><strong><em><span style=\"font-family: Tahoma,Arial,Helvetica,sans-serif; font-size: 10pt;\">Verwaltungssitz Firma &#8222;Zumtobel&#8220; in Vahrn<\/span><\/em><\/strong><\/span><\/div>\n<p><span style=\"font-family: Tahoma,Arial,Helvetica,sans-serif; font-size: 10pt;\">Zwischendurch kam es immer wieder auch zu Kooperationen mit technischen B\u00fcros und Architektenkollegen. Eine der interessantesten Erfahrungen war der Bau der Reihenhaussiedlung &#8222;Nitz&#8220; an der Schaldererstrasse in Vahrn, zusammen mit Benno Barth \u2020 und Walter Brida, meinem sp\u00e4teren B\u00fcropartner.<\/span><\/p>\n<p><span style=\"font-family: Tahoma,Arial,Helvetica,sans-serif; font-size: 10pt;\">Den Durchf\u00fchrungssplan hatte seinerzeit Arch. Ralf Dejaco erstellt und er sah eine H\u00e4userzeile vor, welche parallel zur Stra\u00dfe verlief. Anhand der nachfolgenden Skizze\u00a0haben wir die Bauherren aber mit einer anderen Bebauungsform \u00fcberzeugt: drei \u00a0in Hangrichtung versetzte Doppelh\u00e4user, jedes mit einem eigenen Zugang, einer eigenen Garage, einen eigenen Heizraum und einem eigenen Garten &#8211; die Wohnr\u00e4ume alle nach S\u00fcden ausgerichtet. Diese Argumente &#8211; allesamt funktioneller Natur &#8211; \u00fcberzeugten schliesslich die Baugenossenschaft und bescherten uns den Planungsauftrag, ohne auf formale Details eingegangen zu sein.<\/span><\/p>\n<div><span style=\"font-family: Tahoma,Arial,Helvetica,sans-serif; font-size: 10pt;\"><img data-recalc-dims=\"1\" loading=\"lazy\" decoding=\"async\" class=\"alignnone wp-image-1587\" src=\"https:\/\/i0.wp.com\/arch-moser.it\/wp-content\/uploads\/2012\/02\/gestaltungsplan-300x209.jpg?resize=431%2C300&#038;ssl=1\" alt=\"Gestaltungsplan\" width=\"431\" height=\"300\" \/>\u00a0\u00a0 <img data-recalc-dims=\"1\" loading=\"lazy\" decoding=\"async\" class=\"alignnone size-medium wp-image-1589\" src=\"https:\/\/i0.wp.com\/arch-moser.it\/wp-content\/uploads\/2012\/02\/scan.jpeg?resize=212%2C300&#038;ssl=1\" alt=\"Scan\" width=\"212\" height=\"300\" srcset=\"https:\/\/i0.wp.com\/arch-moser.it\/wp-content\/uploads\/2012\/02\/scan.jpeg?resize=212%2C300&amp;ssl=1 212w, https:\/\/i0.wp.com\/arch-moser.it\/wp-content\/uploads\/2012\/02\/scan.jpeg?resize=724%2C1024&amp;ssl=1 724w, https:\/\/i0.wp.com\/arch-moser.it\/wp-content\/uploads\/2012\/02\/scan.jpeg?w=1652&amp;ssl=1 1652w, https:\/\/i0.wp.com\/arch-moser.it\/wp-content\/uploads\/2012\/02\/scan.jpeg?w=1600&amp;ssl=1 1600w\" sizes=\"(max-width: 212px) 100vw, 212px\" \/><\/span><\/div>\n<div style=\"text-align: justify;\"><span style=\"color: #ebeb10;\"><strong><span style=\"font-family: Tahoma,Arial,Helvetica,sans-serif; font-size: 10pt;\"><em>Durchf\u00fchrungsplan Arch. Ralf Dejaco\u00a0<\/em>\u00a0\u00a0\u00a0\u00a0\u00a0\u00a0\u00a0\u00a0\u00a0\u00a0\u00a0\u00a0\u00a0\u00a0\u00a0\u00a0\u00a0\u00a0\u00a0\u00a0\u00a0\u00a0\u00a0\u00a0\u00a0\u00a0\u00a0\u00a0\u00a0\u00a0\u00a0\u00a0\u00a0\u00a0\u00a0\u00a0\u00a0\u00a0\u00a0\u00a0\u00a0\u00a0\u00a0\u00a0\u00a0\u00a0\u00a0\u00a0<em> neuerGestaltungsvorschlag <\/em><\/span><\/strong><\/span><\/div>\n<div style=\"text-align: justify;\"><span style=\"color: #ebeb10;\"><em><strong><span style=\"font-family: Tahoma,Arial,Helvetica,sans-serif; font-size: 10pt;\">\u00a0\u00a0\u00a0\u00a0\u00a0\u00a0\u00a0\u00a0\u00a0\u00a0\u00a0\u00a0\u00a0\u00a0\u00a0\u00a0\u00a0\u00a0\u00a0\u00a0\u00a0\u00a0\u00a0\u00a0\u00a0\u00a0\u00a0\u00a0\u00a0\u00a0\u00a0\u00a0\u00a0\u00a0\u00a0\u00a0\u00a0\u00a0\u00a0\u00a0\u00a0\u00a0\u00a0\u00a0\u00a0\u00a0\u00a0\u00a0\u00a0\u00a0\u00a0\u00a0\u00a0\u00a0\u00a0\u00a0\u00a0\u00a0\u00a0\u00a0\u00a0\u00a0\u00a0\u00a0\u00a0\u00a0\u00a0\u00a0\u00a0\u00a0\u00a0\u00a0\u00a0\u00a0\u00a0\u00a0\u00a0\u00a0\u00a0\u00a0\u00a0\u00a0\u00a0\u00a0\u00a0\u00a0\u00a0\u00a0\u00a0\u00a0\u00a0\u00a0\u00a0\u00a0\u00a0\u00a0\u00a0\u00a0\u00a0\u00a0\u00a0\u00a0\u00a0\u00a0\u00a0\u00a0\u00a0\u00a0\u00a0\u00a0\u00a0\u00a0\u00a0 (Benno Barth \u2020, Walter Brida, Christian Moser)<\/span><\/strong><\/em><\/span><\/div>\n<p style=\"text-align: justify;\"><span style=\"font-family: Tahoma,Arial,Helvetica,sans-serif; font-size: 10pt;\">W\u00e4hrend der Planungsphase bekamen wir einen Vorgeschmack, wie unterschiedlich die Auffassungen der verschiedenen Bauherren sein k\u00f6nnen. In Bauphase wurde die Zusammenarbeit dann noch komplexer, denn da ging es um die Anwendung \u00a0verschiedener Materialien und um unterschiedliche Auffassungen von Formempfinden und Farben &#8211; jeder wollte was anderes haben und r\u00fcckte nicht von seinen Vorstellungen ab. Das Resultat schlie\u00dflich hat gezeigt, dass der Individualismus und der Drang nach Selbstverwirklichung im Siedlungsbau massiven Einfluss haben: eine Erfahrung, der wir bis heute immer wieder gegen\u00fcberstehen m\u00fcssen. Ist im Modell noch eine formale Einheit und Klarheit zu sp\u00fcren,\u00a0geht diese dann\u00a0in Wirklichkeit oft verloren!<\/span><\/p>\n<div><span style=\"font-family: Tahoma,Arial,Helvetica,sans-serif; font-size: 10pt;\"><img data-recalc-dims=\"1\" loading=\"lazy\" decoding=\"async\" class=\"alignnone size-medium wp-image-1586\" src=\"https:\/\/i0.wp.com\/arch-moser.it\/wp-content\/uploads\/2012\/02\/foto-300x200.jpeg?resize=300%2C200&#038;ssl=1\" alt=\"Foto\" width=\"300\" height=\"200\" \/> \u00a0<\/span><\/div>\n<div><span style=\"color: #ebeb10;\"><em><strong><span style=\"font-family: Tahoma,Arial,Helvetica,sans-serif; font-size: 10pt;\">Reihenhaussiedlung &#8222;Nitz&#8220; in Vahrn<\/span><\/strong><\/em><\/span><\/div>\n<p><span style=\"font-family: Tahoma,Arial,Helvetica,sans-serif; font-size: 10pt;\">Eine \u00e4hnliche Erfahrung machte ich wieder einige Jahre sp\u00e4ter bei der <em>Aufstockung und thermischen Sanierung einer Reihenhaussiedlung in der Seiserleite in Neustift<\/em>. Zun\u00e4chst zogen die Bauherren alle an einem Strang, im Zuge der Bauausf\u00fchrung ging jedoch die formale Einheit des Projektes immer mehr verloren und jeder Bauherr hielt schlie\u00dflich an seinen eigenen \u00e4sthetischen Vorstellungen fest. Diese Haltung war wahrscheinlich nichts anderes als der visuelle Ausdruck der komplexen nachbarschaftlichen Beziehungen.<\/span><\/p>\n<address><span style=\"font-family: Tahoma,Arial,Helvetica,sans-serif; font-size: 10pt;\"><img data-recalc-dims=\"1\" loading=\"lazy\" decoding=\"async\" class=\"alignnone wp-image-1870 \" title=\"DSCF2166\" src=\"https:\/\/i0.wp.com\/arch-moser.it\/wp-content\/uploads\/2012\/04\/dscf2166-e1463255969489-300x260.jpg?resize=281%2C244&#038;ssl=1\" width=\"281\" height=\"244\" srcset=\"https:\/\/i0.wp.com\/arch-moser.it\/wp-content\/uploads\/2012\/04\/dscf2166-e1463255969489.jpg?resize=300%2C260&amp;ssl=1 300w, https:\/\/i0.wp.com\/arch-moser.it\/wp-content\/uploads\/2012\/04\/dscf2166-e1463255969489.jpg?resize=1024%2C886&amp;ssl=1 1024w, https:\/\/i0.wp.com\/arch-moser.it\/wp-content\/uploads\/2012\/04\/dscf2166-e1463255969489.jpg?resize=860%2C744&amp;ssl=1 860w, https:\/\/i0.wp.com\/arch-moser.it\/wp-content\/uploads\/2012\/04\/dscf2166-e1463255969489.jpg?w=1159&amp;ssl=1 1159w\" sizes=\"(max-width: 281px) 100vw, 281px\" \/>\u00a0 \u00a0<img data-recalc-dims=\"1\" loading=\"lazy\" decoding=\"async\" class=\"alignnone wp-image-1871 \" title=\"DSCF2169\" src=\"https:\/\/i0.wp.com\/arch-moser.it\/wp-content\/uploads\/2012\/04\/dscf2169-e1463255991830-239x300.jpg?resize=194%2C243&#038;ssl=1\" width=\"194\" height=\"243\" srcset=\"https:\/\/i0.wp.com\/arch-moser.it\/wp-content\/uploads\/2012\/04\/dscf2169-e1463255991830.jpg?resize=239%2C300&amp;ssl=1 239w, https:\/\/i0.wp.com\/arch-moser.it\/wp-content\/uploads\/2012\/04\/dscf2169-e1463255991830.jpg?resize=815%2C1024&amp;ssl=1 815w, https:\/\/i0.wp.com\/arch-moser.it\/wp-content\/uploads\/2012\/04\/dscf2169-e1463255991830.jpg?resize=860%2C1081&amp;ssl=1 860w, https:\/\/i0.wp.com\/arch-moser.it\/wp-content\/uploads\/2012\/04\/dscf2169-e1463255991830.jpg?w=1008&amp;ssl=1 1008w\" sizes=\"(max-width: 194px) 100vw, 194px\" \/>\u00a0 \u00a0<img data-recalc-dims=\"1\" loading=\"lazy\" decoding=\"async\" class=\"alignnone wp-image-1869 \" title=\"DSCF2164\" src=\"https:\/\/i0.wp.com\/arch-moser.it\/wp-content\/uploads\/2012\/04\/dscf2164-e1463256023431-241x300.jpg?resize=196%2C244&#038;ssl=1\" width=\"196\" height=\"244\" srcset=\"https:\/\/i0.wp.com\/arch-moser.it\/wp-content\/uploads\/2012\/04\/dscf2164-e1463256023431.jpg?resize=241%2C300&amp;ssl=1 241w, https:\/\/i0.wp.com\/arch-moser.it\/wp-content\/uploads\/2012\/04\/dscf2164-e1463256023431.jpg?resize=824%2C1024&amp;ssl=1 824w, https:\/\/i0.wp.com\/arch-moser.it\/wp-content\/uploads\/2012\/04\/dscf2164-e1463256023431.jpg?resize=860%2C1069&amp;ssl=1 860w, https:\/\/i0.wp.com\/arch-moser.it\/wp-content\/uploads\/2012\/04\/dscf2164-e1463256023431.jpg?w=1014&amp;ssl=1 1014w\" sizes=\"(max-width: 196px) 100vw, 196px\" \/><\/span><\/address>\n<address><span style=\"color: #ebeb10;\"><strong><span style=\"font-family: Tahoma,Arial,Helvetica,sans-serif; font-size: 10pt;\">Reihenhaussiedlung Seiserleite \/ Neustift<\/span><\/strong><\/span><\/address>\n<p><span style=\"font-family: Tahoma,Arial,Helvetica,sans-serif; font-size: 10pt;\">Im Nachhinein betrachtet muss ich feststellen, dass durch den Drang der Bauherren nach gr\u00f6\u00dftm\u00f6glicher Individualit\u00e4t am architektonischen Konzept dieses Projektes sehr viel verloren gegangen ist.<\/span><\/p>\n<p><span style=\"font-family: Tahoma,Arial,Helvetica,sans-serif; font-size: 10pt;\">Ins neue Jahrtausend hinein besch\u00e4ftigte ich mich mit zwei Gro\u00dfprojekten, welche mir im konstruktiven und vor allem im organisatorischen Bereich sehr viel Erfahrung eingebracht haben: die <em>Einrichtung und Ausstattung des Business Innovation Centre in der Siemensstra\u00dfe in Bozen<\/em> (heute TIS Innovation Park genant) und die <em>Sanierung der Wohnanlage &#8222;Bayrischer Hof&#8220; in der Oswald von Wolkensteinstra\u00dfe in Brixen<\/em>.<\/span><\/p>\n<p><span style=\"font-family: Tahoma,Arial,Helvetica,sans-serif; font-size: 10pt;\">Beide Projekte wurden aufgrund ihres baulichen Umfanges in einzelnen Baulosen bzw. Bauabschnitten realisiert; dementsprechend mussten die Ausf\u00fchrungsplanung, die Ausschreibung der Arbeiten, das Bauzeitenprogramm\u00a0und der bauliche Ablauf ausgelegt und abgestimmt werden. Eine gro\u00dfe Herausforderung in Bezug auf die Zusammenarbeit mit den Fachplanern und die Einbeziehung der eigenen Mitarbeiter!<\/span><\/p>\n<address><span style=\"font-family: Tahoma,Arial,Helvetica,sans-serif; font-size: 10pt;\"><img data-recalc-dims=\"1\" loading=\"lazy\" decoding=\"async\" class=\"alignnone size-medium wp-image-3159\" src=\"https:\/\/i0.wp.com\/arch-moser.it\/wp-content\/uploads\/2016\/03\/TIS_Bozen2.jpg?resize=300%2C190&#038;ssl=1\" alt=\"TIS_Bozen2\" width=\"300\" height=\"190\" srcset=\"https:\/\/i0.wp.com\/arch-moser.it\/wp-content\/uploads\/2016\/03\/TIS_Bozen2.jpg?resize=300%2C190&amp;ssl=1 300w, https:\/\/i0.wp.com\/arch-moser.it\/wp-content\/uploads\/2016\/03\/TIS_Bozen2.jpg?w=558&amp;ssl=1 558w\" sizes=\"(max-width: 300px) 100vw, 300px\" \/>\u00a0\u00a0 <img data-recalc-dims=\"1\" loading=\"lazy\" decoding=\"async\" class=\"alignnone wp-image-3158\" src=\"https:\/\/i0.wp.com\/arch-moser.it\/wp-content\/uploads\/2016\/03\/TIS_Bozen-1.jpg?resize=405%2C189&#038;ssl=1\" alt=\"TIS_Bozen\" width=\"405\" height=\"189\" srcset=\"https:\/\/i0.wp.com\/arch-moser.it\/wp-content\/uploads\/2016\/03\/TIS_Bozen-1.jpg?resize=300%2C140&amp;ssl=1 300w, https:\/\/i0.wp.com\/arch-moser.it\/wp-content\/uploads\/2016\/03\/TIS_Bozen-1.jpg?w=677&amp;ssl=1 677w\" sizes=\"(max-width: 405px) 100vw, 405px\" \/> \u00a0<\/span><\/address>\n<address><span style=\"color: #ebeb10;\"><strong><span style=\"font-family: Tahoma,Arial,Helvetica,sans-serif; font-size: 10pt;\">TIS Innovation Park<\/span><\/strong><\/span><\/address>\n<p><span style=\"font-family: Tahoma,Arial,Helvetica,sans-serif; font-size: 10pt;\">Die dabei gesammelten Erfahrungen konnte ich auch in kleineren <em>Sanierungsprojekten, wie jene f\u00fcr Herrn Stremitzer vom\u00a0Hotel Gr\u00fcner Baum in Brixen<\/em>, erfolgreich umsetzen. Im Hotelbau sind die Bauzeitenprogramme n\u00e4mlich derart kurz geschnitten, dass in erster Linie von einer guten organisatorischen Abwicklung abh\u00e4ngt, um ein Projekt erfolgreich abzuschlie\u00dfen. Herr Stremitzer gab mir nicht nur die Gelegenheit, einen Teil seiner Strukturen graphisch zu erfassen und baulich zu valorisieren, sondern er verhalf mir auch zu wertvollen Einblicken in Sachen Selbstmanagement und F\u00fchrungsstrategien.<\/span><\/p>\n<address><span style=\"font-family: Tahoma,Arial,Helvetica,sans-serif; font-size: 10pt;\"><img data-recalc-dims=\"1\" loading=\"lazy\" decoding=\"async\" class=\"alignnone wp-image-1751 \" title=\"DSCF0043\" src=\"https:\/\/i0.wp.com\/arch-moser.it\/wp-content\/uploads\/2012\/04\/dscf0043-e1334093438110-137x300.jpg?resize=116%2C254&#038;ssl=1\" width=\"116\" height=\"254\" \/>\u00a0\u00a0 <img data-recalc-dims=\"1\" loading=\"lazy\" decoding=\"async\" class=\"alignnone wp-image-1361 \" title=\"PersonalhausSTREMITZER\" src=\"https:\/\/i0.wp.com\/arch-moser.it\/wp-content\/uploads\/2011\/12\/personalhausstremitzer.jpg?resize=363%2C253&#038;ssl=1\" width=\"363\" height=\"253\" srcset=\"https:\/\/i0.wp.com\/arch-moser.it\/wp-content\/uploads\/2011\/12\/personalhausstremitzer.jpg?resize=300%2C209&amp;ssl=1 300w, https:\/\/i0.wp.com\/arch-moser.it\/wp-content\/uploads\/2011\/12\/personalhausstremitzer.jpg?resize=1024%2C715&amp;ssl=1 1024w, https:\/\/i0.wp.com\/arch-moser.it\/wp-content\/uploads\/2011\/12\/personalhausstremitzer.jpg?w=1600&amp;ssl=1 1600w, https:\/\/i0.wp.com\/arch-moser.it\/wp-content\/uploads\/2011\/12\/personalhausstremitzer.jpg?w=2400&amp;ssl=1 2400w\" sizes=\"(max-width: 363px) 100vw, 363px\" \/><\/span><\/address>\n<address>\u00a0<\/address>\n<address><span style=\"font-family: Arial,Helvetica,sans-serif;\">\u00a0<img data-recalc-dims=\"1\" loading=\"lazy\" decoding=\"async\" class=\"alignnone wp-image-1753 size-medium\" title=\"DSCF0059\" src=\"https:\/\/i0.wp.com\/arch-moser.it\/wp-content\/uploads\/2012\/04\/dscf0059-e1463256196198-238x300.jpg?resize=238%2C300&#038;ssl=1\" width=\"238\" height=\"300\" srcset=\"https:\/\/i0.wp.com\/arch-moser.it\/wp-content\/uploads\/2012\/04\/dscf0059-e1463256196198.jpg?resize=238%2C300&amp;ssl=1 238w, https:\/\/i0.wp.com\/arch-moser.it\/wp-content\/uploads\/2012\/04\/dscf0059-e1463256196198.jpg?resize=813%2C1024&amp;ssl=1 813w, https:\/\/i0.wp.com\/arch-moser.it\/wp-content\/uploads\/2012\/04\/dscf0059-e1463256196198.jpg?resize=860%2C1084&amp;ssl=1 860w, https:\/\/i0.wp.com\/arch-moser.it\/wp-content\/uploads\/2012\/04\/dscf0059-e1463256196198.jpg?w=1008&amp;ssl=1 1008w\" sizes=\"(max-width: 238px) 100vw, 238px\" \/>\u00a0 \u00a0<img data-recalc-dims=\"1\" loading=\"lazy\" decoding=\"async\" class=\"alignnone wp-image-1752 size-medium\" title=\"DSCF0058\" src=\"https:\/\/i0.wp.com\/arch-moser.it\/wp-content\/uploads\/2012\/04\/dscf0058-e1463256217936-239x300.jpg?resize=239%2C300&#038;ssl=1\" width=\"239\" height=\"300\" srcset=\"https:\/\/i0.wp.com\/arch-moser.it\/wp-content\/uploads\/2012\/04\/dscf0058-e1463256217936.jpg?resize=239%2C300&amp;ssl=1 239w, https:\/\/i0.wp.com\/arch-moser.it\/wp-content\/uploads\/2012\/04\/dscf0058-e1463256217936.jpg?resize=815%2C1024&amp;ssl=1 815w, https:\/\/i0.wp.com\/arch-moser.it\/wp-content\/uploads\/2012\/04\/dscf0058-e1463256217936.jpg?resize=860%2C1080&amp;ssl=1 860w, https:\/\/i0.wp.com\/arch-moser.it\/wp-content\/uploads\/2012\/04\/dscf0058-e1463256217936.jpg?w=1011&amp;ssl=1 1011w\" sizes=\"(max-width: 239px) 100vw, 239px\" \/><\/span><\/address>\n<div><span style=\"color: #ebeb10;\"><strong><span style=\"font-family: Tahoma,Arial,Helvetica,sans-serif; font-size: 10pt;\"><em>Personalhaus Gr\u00fcner Baum Stremitzer \/ Stufels Brixen<\/em><\/span><\/strong><\/span><\/div>\n<p><span style=\"font-family: Tahoma,Arial,Helvetica,sans-serif; font-size: 10pt;\">Nicht nur die Arbeitserfahrungen haben mir viel sch\u00f6ne Momente beschert. Ein Highlight der besonderen Art war die <em>Architekturreise im Jahr 2003 ins Land der aufgehenden Sonne, JAPAN <\/em>&#8211; ein Geschenk meiner Eltern zum 40. Geburtstag.<\/span><\/p>\n<p><span style=\"font-family: Tahoma,Arial,Helvetica,sans-serif; font-size: 10pt;\">\u00a0\u00a0<img data-recalc-dims=\"1\" loading=\"lazy\" decoding=\"async\" class=\"alignnone wp-image-1661 size-medium\" title=\"DSCF0123\" src=\"https:\/\/i0.wp.com\/arch-moser.it\/wp-content\/uploads\/2012\/03\/dscf0123-e1463256256172-300x224.jpg?resize=300%2C224&#038;ssl=1\" width=\"300\" height=\"224\" \/>\u00a0 \u00a0<img data-recalc-dims=\"1\" loading=\"lazy\" decoding=\"async\" class=\"alignnone wp-image-1665 size-medium\" title=\"DSCF0128\" src=\"https:\/\/i0.wp.com\/arch-moser.it\/wp-content\/uploads\/2012\/03\/dscf0128-e1463256278459-300x224.jpg?resize=300%2C224&#038;ssl=1\" width=\"300\" height=\"224\" \/>\u00a0 \u00a0\u00a0\u00a0 <\/span><\/p>\n<p><span style=\"font-family: Tahoma,Arial,Helvetica,sans-serif; font-size: 10pt;\">Nicht allein die Ber\u00fchrung mit dieser fremden, einzigartigen Kultur hat mich sehr beeindruckt, es war f\u00fcr mich auch eine Art Wende, eine Reise in eine neue Zukunft. Damals zeichnete sich n\u00e4mlich meine Entscheidung ab, nach 10 Jahren freiberuflichen &#8222;Einzelk\u00e4mpfertums&#8220; wieder eine B\u00fcropartnerschaft einzugehen.<\/span><\/p>\n<address><span style=\"font-family: Tahoma,Arial,Helvetica,sans-serif; font-size: 10pt;\"><img data-recalc-dims=\"1\" loading=\"lazy\" decoding=\"async\" class=\"alignnone wp-image-1657 size-medium\" title=\"DSCF0034\" src=\"https:\/\/i0.wp.com\/arch-moser.it\/wp-content\/uploads\/2012\/03\/dscf0034-300x225.jpg?resize=300%2C225&#038;ssl=1\" width=\"300\" height=\"225\" \/>\u00a0\u00a0 <\/span><\/address>\n<address><span style=\"font-family: Tahoma,Arial,Helvetica,sans-serif; font-size: 10pt;\"><em><span style=\"color: #ebeb10;\"><strong>Benno Barth mit Kamera und Hut<\/strong><\/span><br \/>\n<\/em><\/span><\/address>\n<p><span style=\"font-family: Tahoma,Arial,Helvetica,sans-serif; font-size: 10pt;\">Damals lernte ich Landesbaudirektor Arch. Josef March n\u00e4her kennen. Mein Zimmer teilte ich mit meinem Freund und Kollegen Benno Barth, der es allerdings viel mehr beanspruchte als ich. Die N\u00e4chte in Tokio und Osaka waren n\u00e4mlich\u00a0sehr kurz\u00a0f\u00fcr mich und einige Architektenkollegen; kein Wunder, dass ich nach der R\u00fcckkehr die Auswirkungen des Jet-lag-Syndroms ausgiebig zu sp\u00fcren bekam.<\/span><\/p>\n<p><span style=\"font-family: Tahoma,Arial,Helvetica,sans-serif; font-size: 10pt;\">Ikebana, die Kunst des Blumenbindens, die Tempelanlagen, die moderne Architektur, all die neuen Eindr\u00fccke haben mir wertvolle Impulse verschafft und sogar die M\u00f6glichkeit er\u00f6ffnet, die Erfahrungen in einem konkreten Projekt anzuwenden: und zwar bei der <em>Gestaltung des showrooms der Fa. Rebus GmbH in Frangart<\/em>. Die Ausstellungsbereiche artikulieren sich auf verschiedenen Ebenen und bestehen aus\u00a0zueinander versetzten,\u00a0&#8222;schwebenden&#8220; L\u00e4rchenholzpodesten. Einzelne Exponate werden auf Fl\u00e4chen aus Rundkies mit Rillenmuster und Felssteinen &#8211; nach Vorbild der japanischen G\u00e4rten &#8211; ausgestellt. Die Wandfl\u00e4chen bestehen aus warmen Farbt\u00f6nen (Orangerot und lehmbraun) und erhalten, durch ihre spezielle Behandlung, eine optische Tiefenwirkung.<\/span><\/p>\n<div><strong><span style=\"font-family: Tahoma,Arial,Helvetica,sans-serif; font-size: 10pt;\"><img data-recalc-dims=\"1\" loading=\"lazy\" decoding=\"async\" class=\"alignnone wp-image-1712 size-medium\" title=\"Rebus2\" src=\"https:\/\/i0.wp.com\/arch-moser.it\/wp-content\/uploads\/2012\/04\/rebus2-e1463297577672-300x262.png?resize=300%2C262&#038;ssl=1\" width=\"300\" height=\"262\" \/>\u00a0 \u00a0<img data-recalc-dims=\"1\" loading=\"lazy\" decoding=\"async\" class=\"alignnone wp-image-1714 size-medium\" title=\"Rebus1\" src=\"https:\/\/i0.wp.com\/arch-moser.it\/wp-content\/uploads\/2012\/04\/rebus11-e1463297605783-300x260.png?resize=300%2C260&#038;ssl=1\" width=\"300\" height=\"260\" \/><\/span><\/strong><\/div>\n<div><span style=\"color: #ebeb10;\"><strong><span style=\"font-family: Arial,Helvetica,sans-serif;\"><em>s<span style=\"font-size: 10pt; font-family: Tahoma,Arial,Helvetica,sans-serif;\">howroom Firma &#8222;Rebus&#8220; Frangart<\/span><\/em><\/span><\/strong><\/span><\/div>\n<p><span style=\"font-family: Tahoma,Arial,Helvetica,sans-serif; font-size: 10pt;\">Im November 2003 kam dann der Umzug in die neuen B\u00fcror\u00e4umlichkeiten in der Weisslahnstrasse und die Gr\u00fcndung des Architekturb\u00fcros brida moser architekten.<\/span><\/p>\n<p><span style=\"font-family: Tahoma,Arial,Helvetica,sans-serif; font-size: 10pt;\"><img data-recalc-dims=\"1\" loading=\"lazy\" decoding=\"async\" class=\"alignnone wp-image-1853 size-medium\" title=\"projekte bma 04-05 02\" src=\"https:\/\/i0.wp.com\/arch-moser.it\/wp-content\/uploads\/2012\/04\/projekte-bma-04-05-02.jpg?resize=211%2C300&#038;ssl=1\" width=\"211\" height=\"300\" srcset=\"https:\/\/i0.wp.com\/arch-moser.it\/wp-content\/uploads\/2012\/04\/projekte-bma-04-05-02.jpg?resize=211%2C300&amp;ssl=1 211w, https:\/\/i0.wp.com\/arch-moser.it\/wp-content\/uploads\/2012\/04\/projekte-bma-04-05-02.jpg?w=567&amp;ssl=1 567w\" sizes=\"(max-width: 211px) 100vw, 211px\" \/>\u00a0\u00a0<img data-recalc-dims=\"1\" loading=\"lazy\" decoding=\"async\" class=\"alignnone wp-image-1854 size-medium\" title=\"projekte bma 04-05 03\" src=\"https:\/\/i0.wp.com\/arch-moser.it\/wp-content\/uploads\/2012\/04\/projekte-bma-04-05-03.jpg?resize=211%2C300&#038;ssl=1\" width=\"211\" height=\"300\" srcset=\"https:\/\/i0.wp.com\/arch-moser.it\/wp-content\/uploads\/2012\/04\/projekte-bma-04-05-03.jpg?resize=211%2C300&amp;ssl=1 211w, https:\/\/i0.wp.com\/arch-moser.it\/wp-content\/uploads\/2012\/04\/projekte-bma-04-05-03.jpg?w=567&amp;ssl=1 567w\" sizes=\"(max-width: 211px) 100vw, 211px\" \/><\/span><\/p>\n<div><span style=\"font-family: Tahoma,Arial,Helvetica,sans-serif; font-size: 10pt;\"><img data-recalc-dims=\"1\" loading=\"lazy\" decoding=\"async\" class=\"alignnone wp-image-4205\" src=\"https:\/\/i0.wp.com\/arch-moser.it\/wp-content\/uploads\/2012\/04\/Wunderer3-e1463297783735-225x300.jpg?resize=123%2C164&#038;ssl=1\" alt=\"Wunderer3\" width=\"123\" height=\"164\" srcset=\"https:\/\/i0.wp.com\/arch-moser.it\/wp-content\/uploads\/2012\/04\/Wunderer3-e1463297783735.jpg?resize=225%2C300&amp;ssl=1 225w, https:\/\/i0.wp.com\/arch-moser.it\/wp-content\/uploads\/2012\/04\/Wunderer3-e1463297783735.jpg?w=375&amp;ssl=1 375w\" sizes=\"(max-width: 123px) 100vw, 123px\" \/>\u00a0\u00a0\u00a0<img data-recalc-dims=\"1\" loading=\"lazy\" decoding=\"async\" class=\"alignnone wp-image-4206\" src=\"https:\/\/i0.wp.com\/arch-moser.it\/wp-content\/uploads\/2012\/04\/HausWUNDERER.jpg?resize=326%2C163&#038;ssl=1\" alt=\"HausWUNDERER\" width=\"326\" height=\"163\" srcset=\"https:\/\/i0.wp.com\/arch-moser.it\/wp-content\/uploads\/2012\/04\/HausWUNDERER.jpg?resize=300%2C150&amp;ssl=1 300w, https:\/\/i0.wp.com\/arch-moser.it\/wp-content\/uploads\/2012\/04\/HausWUNDERER.jpg?w=500&amp;ssl=1 500w\" sizes=\"(max-width: 326px) 100vw, 326px\" \/>\u00a0\u00a0\u00a0<\/span><\/div>\n<div><span style=\"color: #ebeb10;\"><strong><span style=\"font-family: Tahoma,Arial,Helvetica,sans-serif; font-size: 10pt;\"><em>Wohnhaus &#8222;Wunderer&#8220; Brixen<\/em><\/span><\/strong><\/span><\/div>\n<p><span style=\"font-family: Tahoma,Arial,Helvetica,sans-serif; font-size: 10pt;\">Es begann eine Zeit, welche uns vor allem im Bereich der Altbausanierung Arbeit brachte. <em>Das historische Geb\u00e4ude am \u00dcbergangsbereich zwischen Hofburgplatz und Domplatz, das Personalhaus des Hotel Gr\u00fcner Baum am Eingang des Stadtteils Stufels, die Sanierung der Wohnanlage &#8222;Bayrischer Hof&#8220; in Milland, die Sanierung und bauliche Erweiterung der Mittelschule in Klausen, die Sanierung und bauliche Erweiterung des Wohnhauses Putzer in der Spaurstrasse in Brixen<\/em> sind nur einige Beispiele, welche ich an dieser Stelle zitiere.<\/span><\/p>\n<div><strong><span style=\"font-family: Tahoma,Arial,Helvetica,sans-serif; font-size: 10pt;\"><img data-recalc-dims=\"1\" loading=\"lazy\" decoding=\"async\" class=\"alignnone wp-image-1581 \" title=\"Brixen Postkartenmotiv\" src=\"https:\/\/i0.wp.com\/arch-moser.it\/wp-content\/uploads\/2012\/02\/f8ea5caf7ac91697b09d61f3b126d3de.jpeg?resize=225%2C225&#038;ssl=1\" width=\"225\" height=\"225\" \/>\u00a0\u00a0 <img data-recalc-dims=\"1\" loading=\"lazy\" decoding=\"async\" class=\"alignnone size-medium wp-image-1848\" src=\"https:\/\/i0.wp.com\/arch-moser.it\/wp-content\/uploads\/2012\/04\/img_0001.jpg?resize=300%2C225&#038;ssl=1\" alt=\"IMG_0001\" width=\"300\" height=\"225\" srcset=\"https:\/\/i0.wp.com\/arch-moser.it\/wp-content\/uploads\/2012\/04\/img_0001.jpg?resize=300%2C225&amp;ssl=1 300w, https:\/\/i0.wp.com\/arch-moser.it\/wp-content\/uploads\/2012\/04\/img_0001.jpg?resize=1024%2C768&amp;ssl=1 1024w, https:\/\/i0.wp.com\/arch-moser.it\/wp-content\/uploads\/2012\/04\/img_0001.jpg?w=1701&amp;ssl=1 1701w, https:\/\/i0.wp.com\/arch-moser.it\/wp-content\/uploads\/2012\/04\/img_0001.jpg?w=1600&amp;ssl=1 1600w\" sizes=\"(max-width: 300px) 100vw, 300px\" \/><\/span><\/strong><\/div>\n<div><img data-recalc-dims=\"1\" loading=\"lazy\" decoding=\"async\" class=\"alignnone wp-image-1892\" src=\"https:\/\/i0.wp.com\/arch-moser.it\/wp-content\/uploads\/2012\/04\/fotoarchiv-1847.jpg?resize=187%2C250&#038;ssl=1\" alt=\"Fotoarchiv - 1847\" width=\"187\" height=\"250\" srcset=\"https:\/\/i0.wp.com\/arch-moser.it\/wp-content\/uploads\/2012\/04\/fotoarchiv-1847.jpg?resize=225%2C300&amp;ssl=1 225w, https:\/\/i0.wp.com\/arch-moser.it\/wp-content\/uploads\/2012\/04\/fotoarchiv-1847.jpg?resize=768%2C1024&amp;ssl=1 768w, https:\/\/i0.wp.com\/arch-moser.it\/wp-content\/uploads\/2012\/04\/fotoarchiv-1847.jpg?w=1944&amp;ssl=1 1944w, https:\/\/i0.wp.com\/arch-moser.it\/wp-content\/uploads\/2012\/04\/fotoarchiv-1847.jpg?w=1600&amp;ssl=1 1600w\" sizes=\"(max-width: 187px) 100vw, 187px\" \/>\u00a0\u00a0 <img data-recalc-dims=\"1\" loading=\"lazy\" decoding=\"async\" class=\"alignnone wp-image-1893\" src=\"https:\/\/i0.wp.com\/arch-moser.it\/wp-content\/uploads\/2012\/04\/fotoarchiv-1839.jpg?resize=334%2C250&#038;ssl=1\" alt=\"Fotoarchiv - 1839\" width=\"334\" height=\"250\" srcset=\"https:\/\/i0.wp.com\/arch-moser.it\/wp-content\/uploads\/2012\/04\/fotoarchiv-1839.jpg?resize=300%2C225&amp;ssl=1 300w, https:\/\/i0.wp.com\/arch-moser.it\/wp-content\/uploads\/2012\/04\/fotoarchiv-1839.jpg?resize=1024%2C768&amp;ssl=1 1024w, https:\/\/i0.wp.com\/arch-moser.it\/wp-content\/uploads\/2012\/04\/fotoarchiv-1839.jpg?w=1600&amp;ssl=1 1600w, https:\/\/i0.wp.com\/arch-moser.it\/wp-content\/uploads\/2012\/04\/fotoarchiv-1839.jpg?w=2400&amp;ssl=1 2400w\" sizes=\"(max-width: 334px) 100vw, 334px\" \/><\/div>\n<div><span style=\"color: #ebeb10;\"><strong><span style=\"font-family: Tahoma,Arial,Helvetica,sans-serif; font-size: 10pt;\"><em>Wohn- und Gesch\u00e4ftshaus \/ &#8222;Di\u00f6zesaninstituts f\u00fcr den Unterhalt des Klerus&#8220;<\/em><\/span><\/strong><\/span><\/div>\n<div><span style=\"color: #ebeb10;\"><strong><span style=\"font-family: Tahoma,Arial,Helvetica,sans-serif; font-size: 10pt;\"><em>Domplatz Brixen<\/em><\/span><\/strong><\/span><\/div>\n<div><\/div>\n<div><span style=\"font-family: Tahoma,Arial,Helvetica,sans-serif; font-size: 10pt;\"><img data-recalc-dims=\"1\" loading=\"lazy\" decoding=\"async\" class=\"alignnone wp-image-1489 size-medium\" title=\"DSCN1370\" src=\"https:\/\/i0.wp.com\/arch-moser.it\/wp-content\/uploads\/2012\/01\/dscn1370.jpg?resize=300%2C225&#038;ssl=1\" width=\"300\" height=\"225\" srcset=\"https:\/\/i0.wp.com\/arch-moser.it\/wp-content\/uploads\/2012\/01\/dscn1370.jpg?resize=300%2C225&amp;ssl=1 300w, https:\/\/i0.wp.com\/arch-moser.it\/wp-content\/uploads\/2012\/01\/dscn1370.jpg?resize=1024%2C768&amp;ssl=1 1024w, https:\/\/i0.wp.com\/arch-moser.it\/wp-content\/uploads\/2012\/01\/dscn1370.jpg?w=2048&amp;ssl=1 2048w, https:\/\/i0.wp.com\/arch-moser.it\/wp-content\/uploads\/2012\/01\/dscn1370.jpg?w=1600&amp;ssl=1 1600w\" sizes=\"(max-width: 300px) 100vw, 300px\" \/>\u00a0\u00a0 <img data-recalc-dims=\"1\" loading=\"lazy\" decoding=\"async\" class=\"alignnone wp-image-1487 \" title=\"DSCN1367\" src=\"https:\/\/i0.wp.com\/arch-moser.it\/wp-content\/uploads\/2012\/01\/dscn1367.jpg?resize=167%2C223&#038;ssl=1\" width=\"167\" height=\"223\" srcset=\"https:\/\/i0.wp.com\/arch-moser.it\/wp-content\/uploads\/2012\/01\/dscn1367.jpg?resize=225%2C300&amp;ssl=1 225w, https:\/\/i0.wp.com\/arch-moser.it\/wp-content\/uploads\/2012\/01\/dscn1367.jpg?resize=768%2C1024&amp;ssl=1 768w, https:\/\/i0.wp.com\/arch-moser.it\/wp-content\/uploads\/2012\/01\/dscn1367.jpg?w=1536&amp;ssl=1 1536w\" sizes=\"(max-width: 167px) 100vw, 167px\" \/><\/span><\/div>\n<div><span style=\"color: #ebeb10;\"><strong><span style=\"font-family: Tahoma,Arial,Helvetica,sans-serif; font-size: 10pt;\"><em>Wohnhaus &#8222;Putzer&#8220; in Brixen<\/em><\/span><\/strong><\/span><\/div>\n<p><span style=\"font-family: Tahoma,Arial,Helvetica,sans-serif; font-size: 10pt;\">Eine nicht ganz unerwartete, in erster Linie wohl politisch forcierte Auszeichnung war 2006 der Preis f\u00fcr energieeffiziente Altbausanierung, welcher dem Bautr\u00e4ger &#8211; das Institut f\u00fcr sozialen Wohnbau des Landes S\u00fcdtirol &#8211; f\u00fcr die Sanierung der Wohnanlage in der Oswald von Wolkensteinstrasse in Milland verliehen wurde.<\/span><\/p>\n<p><span style=\"font-family: Tahoma,Arial,Helvetica,sans-serif; font-size: 10pt;\">Eine Medien wirksame Werbung f\u00fcr die Legitimation der Klimahaus-Bewegung im Land!<\/span><\/p>\n<p><img data-recalc-dims=\"1\" loading=\"lazy\" decoding=\"async\" class=\"alignnone wp-image-1768\" src=\"https:\/\/i0.wp.com\/arch-moser.it\/wp-content\/uploads\/2012\/04\/dscn2732-e1334092543533-300x124.jpg?resize=566%2C234&#038;ssl=1\" alt=\"DSCN2732\" width=\"566\" height=\"234\" srcset=\"https:\/\/i0.wp.com\/arch-moser.it\/wp-content\/uploads\/2012\/04\/dscn2732-e1334092543533.jpg?resize=300%2C124&amp;ssl=1 300w, https:\/\/i0.wp.com\/arch-moser.it\/wp-content\/uploads\/2012\/04\/dscn2732-e1334092543533.jpg?resize=1024%2C423&amp;ssl=1 1024w, https:\/\/i0.wp.com\/arch-moser.it\/wp-content\/uploads\/2012\/04\/dscn2732-e1334092543533.jpg?w=1500&amp;ssl=1 1500w\" sizes=\"(max-width: 566px) 100vw, 566px\" \/><\/p>\n<div><span style=\"font-family: Tahoma,Arial,Helvetica,sans-serif; font-size: 10pt;\"><img data-recalc-dims=\"1\" loading=\"lazy\" decoding=\"async\" class=\"alignnone size-medium wp-image-1769\" src=\"https:\/\/i0.wp.com\/arch-moser.it\/wp-content\/uploads\/2012\/04\/dscn2747.jpg?resize=300%2C225&#038;ssl=1\" alt=\"DSCN2747\" width=\"300\" height=\"225\" srcset=\"https:\/\/i0.wp.com\/arch-moser.it\/wp-content\/uploads\/2012\/04\/dscn2747.jpg?resize=300%2C225&amp;ssl=1 300w, https:\/\/i0.wp.com\/arch-moser.it\/wp-content\/uploads\/2012\/04\/dscn2747.jpg?resize=1024%2C768&amp;ssl=1 1024w, https:\/\/i0.wp.com\/arch-moser.it\/wp-content\/uploads\/2012\/04\/dscn2747.jpg?w=1600&amp;ssl=1 1600w\" sizes=\"(max-width: 300px) 100vw, 300px\" \/>\u00a0\u00a0 <img data-recalc-dims=\"1\" loading=\"lazy\" decoding=\"async\" class=\"alignnone wp-image-1773\" src=\"https:\/\/i0.wp.com\/arch-moser.it\/wp-content\/uploads\/2012\/04\/wobi_teilansicht.jpg?resize=252%2C225&#038;ssl=1\" alt=\"wobi_teilansicht\" width=\"252\" height=\"225\" srcset=\"https:\/\/i0.wp.com\/arch-moser.it\/wp-content\/uploads\/2012\/04\/wobi_teilansicht.jpg?resize=300%2C268&amp;ssl=1 300w, https:\/\/i0.wp.com\/arch-moser.it\/wp-content\/uploads\/2012\/04\/wobi_teilansicht.jpg?resize=1024%2C916&amp;ssl=1 1024w, https:\/\/i0.wp.com\/arch-moser.it\/wp-content\/uploads\/2012\/04\/wobi_teilansicht.jpg?w=1890&amp;ssl=1 1890w, https:\/\/i0.wp.com\/arch-moser.it\/wp-content\/uploads\/2012\/04\/wobi_teilansicht.jpg?w=1600&amp;ssl=1 1600w\" sizes=\"(max-width: 252px) 100vw, 252px\" \/><\/span><\/div>\n<div><span style=\"color: #ebeb10;\"><strong><em><span style=\"font-family: Tahoma,Arial,Helvetica,sans-serif; font-size: 10pt;\">Wohnanlage WOBI Milland<\/span><\/em><\/strong><\/span><\/div>\n<p><span style=\"font-family: Tahoma,Arial,Helvetica,sans-serif; font-size: 10pt;\">Nach dem Masterlehrgang f\u00fcr Gerichtssachverst\u00e4ndige im Jahr 2005 begann, parallel zur Baut\u00e4tigkeit, auch eine intensive <em>Gutachtert\u00e4tigkeit<\/em>, sowohl f\u00fcr die verschiedenen Aussenstellen des Landesgerichtes, als auch f\u00fcr Private und Firmen. Es ist dies ein sehr interessantes und spannendes Bet\u00e4tigungsfeld, welches Einblicke verschafft in die verschiedensten Problematiken, denen ein Techniker im Arbeitsalltag begegnen kann.\u00a0Abgenommen haben in dieser Zeit leider die Innenarchitektur Projekte, welche die B\u00fcrostruktur bis dato regelm\u00e4\u00dfig ausgelastet haben. An erster Stelle ist in diesem Zusammenhang der <em>Katholische Verband der Werkt\u00e4tigen (KVW)\u00a0<\/em>zu nennen, welcher mir das Vertrauen f\u00fcr die <em>Gestaltung seiner wichtigsten B\u00fcrostrukturen im Land (Bozen (5), Brixen, Neumarkt, Sterzing, Meran und Bruneck)<\/em> gab und gleichzeitig den \u00dcbername &#8222;KVW&#8220; Architekt beschert hat.<\/span><br \/>\n<span style=\"font-family: Tahoma,Arial,Helvetica,sans-serif; font-size: 10pt;\"><img data-recalc-dims=\"1\" loading=\"lazy\" decoding=\"async\" class=\"alignnone wp-image-1933 \" title=\"_DSC5117\" src=\"https:\/\/i0.wp.com\/arch-moser.it\/wp-content\/uploads\/2012\/04\/dsc5117-e1463256614208-300x201.jpg?resize=226%2C152&#038;ssl=1\" width=\"226\" height=\"152\" srcset=\"https:\/\/i0.wp.com\/arch-moser.it\/wp-content\/uploads\/2012\/04\/dsc5117-e1463256614208.jpg?resize=300%2C201&amp;ssl=1 300w, https:\/\/i0.wp.com\/arch-moser.it\/wp-content\/uploads\/2012\/04\/dsc5117-e1463256614208.jpg?w=694&amp;ssl=1 694w\" sizes=\"(max-width: 226px) 100vw, 226px\" \/>\u00a0 \u00a0<img data-recalc-dims=\"1\" loading=\"lazy\" decoding=\"async\" class=\"alignnone wp-image-1932 \" title=\"_DSC5092\" src=\"https:\/\/i0.wp.com\/arch-moser.it\/wp-content\/uploads\/2012\/04\/dsc5092-e1463256593611-300x201.jpg?resize=223%2C149&#038;ssl=1\" width=\"223\" height=\"149\" srcset=\"https:\/\/i0.wp.com\/arch-moser.it\/wp-content\/uploads\/2012\/04\/dsc5092-e1463256593611.jpg?resize=300%2C201&amp;ssl=1 300w, https:\/\/i0.wp.com\/arch-moser.it\/wp-content\/uploads\/2012\/04\/dsc5092-e1463256593611.jpg?resize=1024%2C687&amp;ssl=1 1024w, https:\/\/i0.wp.com\/arch-moser.it\/wp-content\/uploads\/2012\/04\/dsc5092-e1463256593611.jpg?resize=860%2C577&amp;ssl=1 860w, https:\/\/i0.wp.com\/arch-moser.it\/wp-content\/uploads\/2012\/04\/dsc5092-e1463256593611.jpg?w=1600&amp;ssl=1 1600w, https:\/\/i0.wp.com\/arch-moser.it\/wp-content\/uploads\/2012\/04\/dsc5092-e1463256593611.jpg?w=2400&amp;ssl=1 2400w\" sizes=\"(max-width: 223px) 100vw, 223px\" \/>\u00a0 \u00a0<img data-recalc-dims=\"1\" loading=\"lazy\" decoding=\"async\" class=\"alignnone wp-image-1931 \" title=\"_DSC5085\" src=\"https:\/\/i0.wp.com\/arch-moser.it\/wp-content\/uploads\/2012\/04\/dsc5085-e1463256569207-300x200.jpg?resize=223%2C149&#038;ssl=1\" width=\"223\" height=\"149\" srcset=\"https:\/\/i0.wp.com\/arch-moser.it\/wp-content\/uploads\/2012\/04\/dsc5085-e1463256569207.jpg?resize=300%2C200&amp;ssl=1 300w, https:\/\/i0.wp.com\/arch-moser.it\/wp-content\/uploads\/2012\/04\/dsc5085-e1463256569207.jpg?resize=1024%2C681&amp;ssl=1 1024w, https:\/\/i0.wp.com\/arch-moser.it\/wp-content\/uploads\/2012\/04\/dsc5085-e1463256569207.jpg?resize=860%2C572&amp;ssl=1 860w, https:\/\/i0.wp.com\/arch-moser.it\/wp-content\/uploads\/2012\/04\/dsc5085-e1463256569207.jpg?w=1600&amp;ssl=1 1600w, https:\/\/i0.wp.com\/arch-moser.it\/wp-content\/uploads\/2012\/04\/dsc5085-e1463256569207.jpg?w=2400&amp;ssl=1 2400w\" sizes=\"(max-width: 223px) 100vw, 223px\" \/><\/span><br \/>\n<span style=\"color: #ebeb10;\"><em><strong><span style=\"font-family: Tahoma,Arial,Helvetica,sans-serif; font-size: 10pt;\">KVW B\u00fcro Meran<\/span><\/strong><\/em><\/span><br \/>\n<span style=\"font-family: Tahoma,Arial,Helvetica,sans-serif; font-size: 10pt;\"><img data-recalc-dims=\"1\" loading=\"lazy\" decoding=\"async\" class=\"alignnone wp-image-1926 size-medium\" title=\"IMG_0079\" src=\"https:\/\/i0.wp.com\/arch-moser.it\/wp-content\/uploads\/2012\/04\/img_0079.jpg?resize=225%2C300&#038;ssl=1\" width=\"225\" height=\"300\" srcset=\"https:\/\/i0.wp.com\/arch-moser.it\/wp-content\/uploads\/2012\/04\/img_0079.jpg?resize=225%2C300&amp;ssl=1 225w, https:\/\/i0.wp.com\/arch-moser.it\/wp-content\/uploads\/2012\/04\/img_0079.jpg?resize=768%2C1024&amp;ssl=1 768w, https:\/\/i0.wp.com\/arch-moser.it\/wp-content\/uploads\/2012\/04\/img_0079.jpg?w=1944&amp;ssl=1 1944w, https:\/\/i0.wp.com\/arch-moser.it\/wp-content\/uploads\/2012\/04\/img_0079.jpg?w=1600&amp;ssl=1 1600w\" sizes=\"(max-width: 225px) 100vw, 225px\" \/>\u00a0 \u00a0<img data-recalc-dims=\"1\" loading=\"lazy\" decoding=\"async\" class=\"alignnone wp-image-1925 size-medium\" title=\"IMG_0082\" src=\"https:\/\/i0.wp.com\/arch-moser.it\/wp-content\/uploads\/2012\/04\/img_0082.jpg?resize=225%2C300&#038;ssl=1\" width=\"225\" height=\"300\" srcset=\"https:\/\/i0.wp.com\/arch-moser.it\/wp-content\/uploads\/2012\/04\/img_0082.jpg?resize=225%2C300&amp;ssl=1 225w, https:\/\/i0.wp.com\/arch-moser.it\/wp-content\/uploads\/2012\/04\/img_0082.jpg?resize=768%2C1024&amp;ssl=1 768w, https:\/\/i0.wp.com\/arch-moser.it\/wp-content\/uploads\/2012\/04\/img_0082.jpg?w=1944&amp;ssl=1 1944w, https:\/\/i0.wp.com\/arch-moser.it\/wp-content\/uploads\/2012\/04\/img_0082.jpg?w=1600&amp;ssl=1 1600w\" sizes=\"(max-width: 225px) 100vw, 225px\" \/>\u00a0 \u00a0<img data-recalc-dims=\"1\" loading=\"lazy\" decoding=\"async\" class=\"alignnone wp-image-1924 size-medium\" title=\"IMG_0081\" src=\"https:\/\/i0.wp.com\/arch-moser.it\/wp-content\/uploads\/2012\/04\/img_0081.jpg?resize=225%2C300&#038;ssl=1\" width=\"225\" height=\"300\" srcset=\"https:\/\/i0.wp.com\/arch-moser.it\/wp-content\/uploads\/2012\/04\/img_0081.jpg?resize=225%2C300&amp;ssl=1 225w, https:\/\/i0.wp.com\/arch-moser.it\/wp-content\/uploads\/2012\/04\/img_0081.jpg?resize=768%2C1024&amp;ssl=1 768w, https:\/\/i0.wp.com\/arch-moser.it\/wp-content\/uploads\/2012\/04\/img_0081.jpg?w=1944&amp;ssl=1 1944w, https:\/\/i0.wp.com\/arch-moser.it\/wp-content\/uploads\/2012\/04\/img_0081.jpg?w=1600&amp;ssl=1 1600w\" sizes=\"(max-width: 225px) 100vw, 225px\" \/><\/span><br \/>\n<span style=\"color: #ebeb10;\"><strong><em><span style=\"font-family: Tahoma,Arial,Helvetica,sans-serif; font-size: 10pt;\">KVW B\u00fcro Bruneck<\/span><\/em><\/strong><\/span><br \/>\n<span style=\"font-family: Arial,Helvetica,sans-serif;\"><img data-recalc-dims=\"1\" loading=\"lazy\" decoding=\"async\" class=\"alignnone wp-image-1927 size-medium\" title=\"IMG_0002\" src=\"https:\/\/i0.wp.com\/arch-moser.it\/wp-content\/uploads\/2012\/04\/img_0002.jpg?resize=225%2C300&#038;ssl=1\" width=\"225\" height=\"300\" srcset=\"https:\/\/i0.wp.com\/arch-moser.it\/wp-content\/uploads\/2012\/04\/img_0002.jpg?resize=225%2C300&amp;ssl=1 225w, https:\/\/i0.wp.com\/arch-moser.it\/wp-content\/uploads\/2012\/04\/img_0002.jpg?resize=768%2C1024&amp;ssl=1 768w, https:\/\/i0.wp.com\/arch-moser.it\/wp-content\/uploads\/2012\/04\/img_0002.jpg?w=1536&amp;ssl=1 1536w\" sizes=\"(max-width: 225px) 100vw, 225px\" \/>\u00a0 \u00a0<img data-recalc-dims=\"1\" loading=\"lazy\" decoding=\"async\" class=\"alignnone wp-image-1929 size-medium\" title=\"IMG_0012\" src=\"https:\/\/i0.wp.com\/arch-moser.it\/wp-content\/uploads\/2012\/04\/img_0012.jpg?resize=225%2C300&#038;ssl=1\" width=\"225\" height=\"300\" srcset=\"https:\/\/i0.wp.com\/arch-moser.it\/wp-content\/uploads\/2012\/04\/img_0012.jpg?resize=225%2C300&amp;ssl=1 225w, https:\/\/i0.wp.com\/arch-moser.it\/wp-content\/uploads\/2012\/04\/img_0012.jpg?resize=768%2C1024&amp;ssl=1 768w, https:\/\/i0.wp.com\/arch-moser.it\/wp-content\/uploads\/2012\/04\/img_0012.jpg?w=1536&amp;ssl=1 1536w\" sizes=\"(max-width: 225px) 100vw, 225px\" \/>\u00a0 \u00a0<img data-recalc-dims=\"1\" loading=\"lazy\" decoding=\"async\" class=\"alignnone wp-image-1930 size-medium\" title=\"IMG_0014\" src=\"https:\/\/i0.wp.com\/arch-moser.it\/wp-content\/uploads\/2012\/04\/img_0014.jpg?resize=225%2C300&#038;ssl=1\" width=\"225\" height=\"300\" srcset=\"https:\/\/i0.wp.com\/arch-moser.it\/wp-content\/uploads\/2012\/04\/img_0014.jpg?resize=225%2C300&amp;ssl=1 225w, https:\/\/i0.wp.com\/arch-moser.it\/wp-content\/uploads\/2012\/04\/img_0014.jpg?resize=768%2C1024&amp;ssl=1 768w, https:\/\/i0.wp.com\/arch-moser.it\/wp-content\/uploads\/2012\/04\/img_0014.jpg?w=1536&amp;ssl=1 1536w\" sizes=\"(max-width: 225px) 100vw, 225px\" \/><\/span><br \/>\n<span style=\"color: #ebeb10;\"><em><strong><span style=\"font-family: Tahoma,Arial,Helvetica,sans-serif; font-size: 10pt;\">KVW B\u00fcro Bozen<\/span><\/strong><\/em><\/span><\/p>\n<p><span style=\"font-family: Tahoma,Arial,Helvetica,sans-serif; font-size: 10pt;\">Eine interessante Aufgabe war auch die <em>Gestaltung der beauty lounge MOKKA in Bruneck<\/em>. Dort setzte Inhaber Peter Arnold auf hohe \u00e4sthetische Anspr\u00fcche, sowohl in der Gestaltung der R\u00e4umlichkeiten als auch in der Konzeption der publicity, wie das nachfolgende Video zeigt.<\/span><\/p>\n<p><video controls=\"controls\" width=\"513\" height=\"513\"><source src=\"https:\/\/arch-moser.it\/wp-content\/uploads\/2012\/04\/mokka_webfilm.mov\" \/><\/video><\/p>\n<p><span style=\"font-family: Tahoma,Arial,Helvetica,sans-serif; font-size: 10pt;\">Die letzten Jahren wurden vor allem von der sogenannten &#8222;energetischen&#8220; Sanierung gepr\u00e4gt. Aufgrund der steuerlichen Beg\u00fcnstigungen und der immer teurer werdenden Heizkosten entscheiden sich immer mehr Bauherren ihre Geb\u00e4ude energetisch zu optimieren und mit hochwertigen D\u00e4mmh\u00fcllen auszustatten. Auch unser B\u00fcro hat bereits mehrere Klimah\u00e4user realisiert. <\/span><\/p>\n<p><span style=\"font-family: Tahoma,Arial,Helvetica,sans-serif; font-size: 10pt;\"><img data-recalc-dims=\"1\" loading=\"lazy\" decoding=\"async\" class=\"alignnone wp-image-1357\" src=\"https:\/\/i0.wp.com\/arch-moser.it\/wp-content\/uploads\/2011\/12\/haus-lobis.jpg?resize=322%2C241&#038;ssl=1\" alt=\"Haus Lobis\" width=\"322\" height=\"241\" srcset=\"https:\/\/i0.wp.com\/arch-moser.it\/wp-content\/uploads\/2011\/12\/haus-lobis.jpg?resize=300%2C225&amp;ssl=1 300w, https:\/\/i0.wp.com\/arch-moser.it\/wp-content\/uploads\/2011\/12\/haus-lobis.jpg?resize=1024%2C768&amp;ssl=1 1024w, https:\/\/i0.wp.com\/arch-moser.it\/wp-content\/uploads\/2011\/12\/haus-lobis.jpg?w=1600&amp;ssl=1 1600w\" sizes=\"(max-width: 322px) 100vw, 322px\" \/><\/span><span style=\"font-family: Tahoma,Arial,Helvetica,sans-serif; font-size: 10pt;\">\u00a0\u00a0 <img data-recalc-dims=\"1\" loading=\"lazy\" decoding=\"async\" class=\"alignnone wp-image-1358\" src=\"https:\/\/i0.wp.com\/arch-moser.it\/wp-content\/uploads\/2011\/12\/haus-strobl.jpg?resize=181%2C242&#038;ssl=1\" alt=\"Haus Strobl\" width=\"181\" height=\"242\" srcset=\"https:\/\/i0.wp.com\/arch-moser.it\/wp-content\/uploads\/2011\/12\/haus-strobl.jpg?resize=225%2C300&amp;ssl=1 225w, https:\/\/i0.wp.com\/arch-moser.it\/wp-content\/uploads\/2011\/12\/haus-strobl.jpg?resize=768%2C1024&amp;ssl=1 768w, https:\/\/i0.wp.com\/arch-moser.it\/wp-content\/uploads\/2011\/12\/haus-strobl.jpg?w=1200&amp;ssl=1 1200w\" sizes=\"(max-width: 181px) 100vw, 181px\" \/><\/span><\/p>\n<p><span style=\"font-family: Tahoma,Arial,Helvetica,sans-serif; font-size: 10pt;\"><img data-recalc-dims=\"1\" loading=\"lazy\" decoding=\"async\" class=\"alignnone wp-image-1359 \" title=\"Haus Tappeiner\" src=\"https:\/\/i0.wp.com\/arch-moser.it\/wp-content\/uploads\/2011\/12\/haus-tappeiner.jpg?resize=251%2C188&#038;ssl=1\" width=\"251\" height=\"188\" srcset=\"https:\/\/i0.wp.com\/arch-moser.it\/wp-content\/uploads\/2011\/12\/haus-tappeiner.jpg?resize=300%2C225&amp;ssl=1 300w, https:\/\/i0.wp.com\/arch-moser.it\/wp-content\/uploads\/2011\/12\/haus-tappeiner.jpg?resize=1024%2C768&amp;ssl=1 1024w, https:\/\/i0.wp.com\/arch-moser.it\/wp-content\/uploads\/2011\/12\/haus-tappeiner.jpg?w=1600&amp;ssl=1 1600w\" sizes=\"(max-width: 251px) 100vw, 251px\" \/>\u00a0 \u00a0<img data-recalc-dims=\"1\" loading=\"lazy\" decoding=\"async\" class=\"alignnone wp-image-1360\" src=\"https:\/\/i0.wp.com\/arch-moser.it\/wp-content\/uploads\/2011\/12\/haus-wunderer.jpg?resize=250%2C187&#038;ssl=1\" alt=\"Haus Wunderer\" width=\"250\" height=\"187\" srcset=\"https:\/\/i0.wp.com\/arch-moser.it\/wp-content\/uploads\/2011\/12\/haus-wunderer.jpg?resize=300%2C225&amp;ssl=1 300w, https:\/\/i0.wp.com\/arch-moser.it\/wp-content\/uploads\/2011\/12\/haus-wunderer.jpg?resize=1024%2C768&amp;ssl=1 1024w, https:\/\/i0.wp.com\/arch-moser.it\/wp-content\/uploads\/2011\/12\/haus-wunderer.jpg?w=1600&amp;ssl=1 1600w\" sizes=\"(max-width: 250px) 100vw, 250px\" \/><\/span><\/p>\n<address><span style=\"font-family: Tahoma,Arial,Helvetica,sans-serif; font-size: 10pt;\"><img data-recalc-dims=\"1\" loading=\"lazy\" decoding=\"async\" class=\"alignnone wp-image-1270 \" title=\"DSCN3378\" src=\"https:\/\/i0.wp.com\/arch-moser.it\/wp-content\/uploads\/2011\/12\/dscn3378.jpg?resize=272%2C204&#038;ssl=1\" width=\"272\" height=\"204\" srcset=\"https:\/\/i0.wp.com\/arch-moser.it\/wp-content\/uploads\/2011\/12\/dscn3378.jpg?resize=300%2C225&amp;ssl=1 300w, https:\/\/i0.wp.com\/arch-moser.it\/wp-content\/uploads\/2011\/12\/dscn3378.jpg?resize=1024%2C768&amp;ssl=1 1024w, https:\/\/i0.wp.com\/arch-moser.it\/wp-content\/uploads\/2011\/12\/dscn3378.jpg?w=1600&amp;ssl=1 1600w, https:\/\/i0.wp.com\/arch-moser.it\/wp-content\/uploads\/2011\/12\/dscn3378.jpg?w=2400&amp;ssl=1 2400w\" sizes=\"(max-width: 272px) 100vw, 272px\" \/>\u00a0<\/span><span style=\"font-family: Tahoma,Arial,Helvetica,sans-serif; font-size: 10pt;\">\u00a0\u00a0<img data-recalc-dims=\"1\" loading=\"lazy\" decoding=\"async\" class=\"alignnone wp-image-2035 \" title=\"IMG_3175\" src=\"https:\/\/i0.wp.com\/arch-moser.it\/wp-content\/uploads\/2012\/04\/img_3175-e1463256817766.jpg?resize=227%2C203&#038;ssl=1\" width=\"227\" height=\"203\" \/><\/span><\/address>\n<address><span style=\"color: #ebeb10;\"><strong><span style=\"font-family: Tahoma,Arial,Helvetica,sans-serif; font-size: 10pt;\">Wohnh\u00e4user&#8220;Lobis&#8220;,&#8220;Strobl&#8220;,&#8220;Tappeiner&#8220;, &#8222;Wunderer&#8220;, &#8222;Bodner&#8220;, &#8222;Putzer&#8220;<\/span><\/strong><\/span><\/address>\n<p><span style=\"font-family: Tahoma,Arial,Helvetica,sans-serif; font-size: 10pt;\">Mit dem <em>Projekt zur Adaptierung des B\u00fchlerhofs in Sarns als Waldorfschule und Kindergarten<\/em>\u00a0bot sich mir die Gelegenheit, einen interessanten Exkurs in die organische bzw. anthroposophische Architektur zu machen &#8211; f\u00fcr einen Architekten eine nicht allt\u00e4gliche Materie, deren zuk\u00fcnftiges Potential hierzulande\u00a0noch nicht absehbar ist.<\/span><\/p>\n<address><span style=\"font-family: Tahoma,Arial,Helvetica,sans-serif; font-size: 10pt;\"><img data-recalc-dims=\"1\" loading=\"lazy\" decoding=\"async\" class=\"alignnone wp-image-1214 \" title=\"ACCamera\" src=\"https:\/\/i0.wp.com\/arch-moser.it\/wp-content\/uploads\/2011\/01\/accamera-300x211.jpg?resize=225%2C158&#038;ssl=1\" width=\"225\" height=\"158\" \/>\u00a0 \u00a0<img data-recalc-dims=\"1\" loading=\"lazy\" decoding=\"async\" class=\"alignnone wp-image-1208 \" title=\"ACCamera_4\" src=\"https:\/\/i0.wp.com\/arch-moser.it\/wp-content\/uploads\/2011\/01\/accamera_4-300x225.jpg?resize=210%2C157&#038;ssl=1\" width=\"210\" height=\"157\" \/>\u00a0 \u00a0<img data-recalc-dims=\"1\" loading=\"lazy\" decoding=\"async\" class=\"alignnone wp-image-1210 \" title=\"ACCamera_6\" src=\"https:\/\/i0.wp.com\/arch-moser.it\/wp-content\/uploads\/2011\/01\/accamera_6-300x225.jpg?resize=210%2C157&#038;ssl=1\" width=\"210\" height=\"157\" \/><\/span><\/address>\n<address><span style=\"color: #ebeb10;\"><strong><span style=\"font-family: Tahoma,Arial,Helvetica,sans-serif; font-size: 10pt;\">Projekt &#8222;B\u00fchlerhof&#8220; in Sarns<\/span><\/strong><\/span><\/address>\n<p><span style=\"font-family: Tahoma,Arial,Helvetica,sans-serif; font-size: 10pt;\">Beim\u00a0<em>Bau der neuen Kletterhalle &#8222;Vertikale&#8220; in Brixen\u00a0<\/em>hatte ich die Ehre gleichzeitig die Rollen des Generalbauleiters und des Sicherheitskoordinators bekleiden zu d\u00fcrfen. Die Aufgabe war alles andere als leicht, vor allem wenn man bedenkt, nicht selber Projektant des Geb\u00e4udes zu sein (f\u00fcr den Entwurf zeichnen Arch. Wolfgang Meraner und Arch. Martin Mutschlechner) und nicht auf der Basis der gewohnten technischen Unterlagenstruktur arbeiten zu k\u00f6nnen. Aber auch das sind sehr wertvolle Berufserfahrungen, die nicht nur bautechnisches Verst\u00e4ndnis voraussetzen, sondern mehr noch Kommunikationsf\u00e4higkeiten sowie organisatorisches, soziales und psychologisches Gesp\u00fcr verlangen. Als besonders wertvoll erwies sich die konstruktive Zusammenarbeit mit dem gesamten Bauleitungsteam (Ing. Gottfried Graus, Faching. Martin Aricochi, Ing. Norbert Verginer mit Mitarbeiter Faching. Francesco Basciu sowie Ing. Ralf Preindl) sowie mit den an der Baustelle besch\u00e4ftigten Arbeitern.<\/span><\/p>\n<address><span style=\"font-family: Arial,Helvetica,sans-serif;\"><img data-recalc-dims=\"1\" loading=\"lazy\" decoding=\"async\" class=\"alignnone size-medium wp-image-2046\" src=\"https:\/\/i0.wp.com\/arch-moser.it\/wp-content\/uploads\/2012\/05\/img_3250-225x300.jpg?resize=225%2C300&#038;ssl=1\" alt=\"IMG_3250\" width=\"225\" height=\"300\" \/>\u00a0\u00a0 <img data-recalc-dims=\"1\" loading=\"lazy\" decoding=\"async\" class=\"alignnone wp-image-2195\" src=\"https:\/\/i0.wp.com\/arch-moser.it\/wp-content\/uploads\/2012\/06\/kletterhalle-brixen0693.jpg?resize=451%2C299&#038;ssl=1\" alt=\"Kletterhalle Brixen0693\" width=\"451\" height=\"299\" srcset=\"https:\/\/i0.wp.com\/arch-moser.it\/wp-content\/uploads\/2012\/06\/kletterhalle-brixen0693.jpg?resize=300%2C199&amp;ssl=1 300w, https:\/\/i0.wp.com\/arch-moser.it\/wp-content\/uploads\/2012\/06\/kletterhalle-brixen0693.jpg?resize=1024%2C678&amp;ssl=1 1024w, https:\/\/i0.wp.com\/arch-moser.it\/wp-content\/uploads\/2012\/06\/kletterhalle-brixen0693.jpg?w=1920&amp;ssl=1 1920w, https:\/\/i0.wp.com\/arch-moser.it\/wp-content\/uploads\/2012\/06\/kletterhalle-brixen0693.jpg?w=1600&amp;ssl=1 1600w\" sizes=\"(max-width: 451px) 100vw, 451px\" \/><br \/>\n<\/span><\/address>\n<address><span style=\"color: #ebeb10;\"><em><strong><span style=\"font-family: Tahoma,Arial,Helvetica,sans-serif; font-size: 10pt;\">Kletterhalle &#8222;Vertikale&#8220; Brixen &#8211; eine &#8220; Schlechtwetter\/Sch\u00f6nwetter Erfahrung&#8220; mit positivem Ausgang<\/span><\/strong><\/em><\/span><\/address>\n<p><span style=\"font-family: Tahoma,Arial,Helvetica,sans-serif; font-size: 10pt;\">Bedeuten also 20 Jahre Planen und Bauen wirklich einen Mehrwert in der heutigen Zeit, welche gepr\u00e4gt ist von gro\u00dfen Unsicherheitsfaktoren, einer rasanten technologischen Entwicklung und einer Gesellschaft, welche immer mehr nach Unabh\u00e4ngigkeit und unbehinderter Selbstverwirklichung strebt?<\/span><\/p>\n<p><span style=\"font-family: Tahoma,Arial,Helvetica,sans-serif; font-size: 10pt;\">Ich denke die Erfahrung allein wird nicht mehr ausreichen, um eine Antwort auf diese Frage zu finden. Der Einsatz sich st\u00e4ndig verbessernder Planungsinstrumente gibt Planern und Architekten die M\u00f6glichkeit, immer komplexere Bauformen zu entwickeln und als Unikate in den landschaftlichen bzw. urbanen Kontext zu stellen. Diese Entwicklung verspricht Dynamik und Bewegung in der Architekturszene, evoziert aber auch kritische Stimmen; wie die Beitr\u00e4ge und Stellungnahmen zur modernen regionalen Baukultur von Architekt und Publizist Andreas Gottlieb Hempel, der es immer wieder versteht, bedenkliche Entwicklungen herauszufiltern und gar manchem gewagten Projekt \u00a0&#8222;reinen Wein&#8220; einzuschenken.<\/span><\/p>\n<address><span style=\"font-family: Arial,Helvetica,sans-serif;\"><img data-recalc-dims=\"1\" loading=\"lazy\" decoding=\"async\" class=\"alignnone wp-image-1889 \" title=\"IMG_0090\" src=\"https:\/\/i0.wp.com\/arch-moser.it\/wp-content\/uploads\/2012\/04\/img_0090.jpg?resize=319%2C239&#038;ssl=1\" width=\"319\" height=\"239\" srcset=\"https:\/\/i0.wp.com\/arch-moser.it\/wp-content\/uploads\/2012\/04\/img_0090.jpg?resize=300%2C225&amp;ssl=1 300w, https:\/\/i0.wp.com\/arch-moser.it\/wp-content\/uploads\/2012\/04\/img_0090.jpg?resize=1024%2C768&amp;ssl=1 1024w, https:\/\/i0.wp.com\/arch-moser.it\/wp-content\/uploads\/2012\/04\/img_0090.jpg?w=1600&amp;ssl=1 1600w, https:\/\/i0.wp.com\/arch-moser.it\/wp-content\/uploads\/2012\/04\/img_0090.jpg?w=2400&amp;ssl=1 2400w\" sizes=\"(max-width: 319px) 100vw, 319px\" \/>\u00a0 \u00a0<img data-recalc-dims=\"1\" loading=\"lazy\" decoding=\"async\" class=\"alignnone wp-image-1888 \" title=\"IMG_0083\" src=\"https:\/\/i0.wp.com\/arch-moser.it\/wp-content\/uploads\/2012\/04\/img_0083.jpg?resize=320%2C240&#038;ssl=1\" width=\"320\" height=\"240\" srcset=\"https:\/\/i0.wp.com\/arch-moser.it\/wp-content\/uploads\/2012\/04\/img_0083.jpg?resize=300%2C225&amp;ssl=1 300w, https:\/\/i0.wp.com\/arch-moser.it\/wp-content\/uploads\/2012\/04\/img_0083.jpg?resize=1024%2C768&amp;ssl=1 1024w, https:\/\/i0.wp.com\/arch-moser.it\/wp-content\/uploads\/2012\/04\/img_0083.jpg?w=1600&amp;ssl=1 1600w, https:\/\/i0.wp.com\/arch-moser.it\/wp-content\/uploads\/2012\/04\/img_0083.jpg?w=2400&amp;ssl=1 2400w\" sizes=\"(max-width: 320px) 100vw, 320px\" \/><\/span><\/address>\n<address><span style=\"font-family: Arial,Helvetica,sans-serif;\"><img data-recalc-dims=\"1\" loading=\"lazy\" decoding=\"async\" class=\"alignnone wp-image-1887 \" title=\"IMG_0075\" src=\"https:\/\/i0.wp.com\/arch-moser.it\/wp-content\/uploads\/2012\/04\/img_0075-e1463257092891-300x226.jpg?resize=344%2C259&#038;ssl=1\" width=\"344\" height=\"259\" srcset=\"https:\/\/i0.wp.com\/arch-moser.it\/wp-content\/uploads\/2012\/04\/img_0075-e1463257092891.jpg?resize=300%2C226&amp;ssl=1 300w, https:\/\/i0.wp.com\/arch-moser.it\/wp-content\/uploads\/2012\/04\/img_0075-e1463257092891.jpg?resize=1024%2C770&amp;ssl=1 1024w, https:\/\/i0.wp.com\/arch-moser.it\/wp-content\/uploads\/2012\/04\/img_0075-e1463257092891.jpg?resize=860%2C647&amp;ssl=1 860w, https:\/\/i0.wp.com\/arch-moser.it\/wp-content\/uploads\/2012\/04\/img_0075-e1463257092891.jpg?w=1600&amp;ssl=1 1600w, https:\/\/i0.wp.com\/arch-moser.it\/wp-content\/uploads\/2012\/04\/img_0075-e1463257092891.jpg?w=2400&amp;ssl=1 2400w\" sizes=\"(max-width: 344px) 100vw, 344px\" \/>\u00a0\u00a0 <img data-recalc-dims=\"1\" loading=\"lazy\" decoding=\"async\" class=\"alignnone size-medium wp-image-1878\" src=\"https:\/\/i0.wp.com\/arch-moser.it\/wp-content\/uploads\/2012\/04\/shapeimage_2.png?resize=300%2C260&#038;ssl=1\" alt=\"shapeimage_2\" width=\"300\" height=\"260\" srcset=\"https:\/\/i0.wp.com\/arch-moser.it\/wp-content\/uploads\/2012\/04\/shapeimage_2.png?resize=300%2C260&amp;ssl=1 300w, https:\/\/i0.wp.com\/arch-moser.it\/wp-content\/uploads\/2012\/04\/shapeimage_2.png?w=386&amp;ssl=1 386w\" sizes=\"(max-width: 300px) 100vw, 300px\" \/>\u00a0 \u00a0\u00a0<\/span><\/address>\n<address><span style=\"color: #ebeb10;\"><strong><span style=\"font-family: Tahoma,Arial,Helvetica,sans-serif; font-size: 10pt;\">Weinverkostungsraum Kellerei Terlan<\/span><\/strong><\/span><\/address>\n<p><span style=\"font-family: Tahoma,Arial,Helvetica,sans-serif; font-size: 10pt;\">Das Schlimmste, was einem Architekten auf der Baustelle passieren kann ist wenn ein Bauherr oder eine Bauherrin sagt: &#8222;Das hab ich mir so nicht vorgestellt!&#8220; Dann ist etwas in der Kommunikation zwischen beiden Seiten schief gelaufen, und in vielen F\u00e4llen wohl nicht mehr reparabel.<\/span><\/p>\n<p><span style=\"font-family: Tahoma,Arial,Helvetica,sans-serif; font-size: 10pt;\">Mir pers\u00f6nlich sind solche Momente bis heute, Gott sei Dank, sehr selten widerfahren. Jeden Kunden gleicherma\u00dfen zufrieden zu stellen ist praktisch ein Ding der Unm\u00f6glichkeit, man kann aber sehr wohl daran arbeiten, unangenehme Situationen zu vermeiden. Im Laufe der Jahre haben sich auch bei mir Vorstellungen und Vorgangsweisen herauskristallisiert, welche meine Arbeitsweise entscheidend beeinflussen. Es sind:<\/span><\/p>\n<p><strong style=\"color: #d4f20f; font-family: Tahoma, Arial, Helvetica, sans-serif; font-size: 10pt;\">die sorgf\u00e4ltige Suche nach gestalterischen Bez\u00fcgen und Entwurfsmotivationen ( jedes Projekt hat seine eigene\u00a0Geschichte);<\/strong><span style=\"font-size: 10pt; color: #d4f20f; font-family: Tahoma, Arial, Helvetica, sans-serif;\"><strong><br \/>\ndie L\u00f6sung von baulichen Aufgaben f\u00fcr jedermann, unabh\u00e4ngig von dessen\/deren Herkunft und sozialem Status;<\/strong><\/span><br \/>\n<span style=\"font-size: 10pt; color: #d4f20f; font-family: Tahoma, Arial, Helvetica, sans-serif;\"><strong>die F\u00fchrung eines Dialog &#8222;auf Augenh\u00f6he&#8220; und eine konstruktive Zusammenarbeit mit Firmen und Handwerkern;<\/strong><\/span><br \/>\n<span style=\"font-size: 10pt; color: #d4f20f; font-family: Tahoma, Arial, Helvetica, sans-serif;\"><strong>die Zufriedenheit der Bauherren und die Bereitschaft Kompromisse einzugehen;<\/strong><\/span><br \/>\n<strong style=\"color: #d4f20f; font-size: 10pt; font-family: Tahoma, Arial, Helvetica, sans-serif;\">durch Zur\u00fcckhaltung, Respekt und Transparenz \u00a0Nutzen bieten.<\/strong><\/p>\n<p><span style=\"font-family: Tahoma,Arial,Helvetica,sans-serif; font-size: 10pt;\">In diesem Sinne gehe ich weiterhin meinen Weg, und es gibt noch gen\u00fcgend Motivationen, wie\u00a0z.B.\u00a0der Traum vom 1. Auftrag im Ausland&#8230; der Stuhl&#8230; die Kirche&#8230; das private Holzhaus im Gr\u00fcnen&#8230; die Mitwirkung am Projektmanagement wichtiger Bauvorhaben.\u00a0Ich bin gespannt was die n\u00e4chsten Jahre bringen werden und danke r\u00fcckblickend all jenen Personen, Firmen, Vereinen, Gemeindeverwaltungen und \u00f6ffentlichen Beh\u00f6rden, \u00a0die unserem B\u00fcro das Vertrauen geschenkt haben und mir geholfen haben, in unserer Gesellschaft ein Dasein als Architekt aufzubauen.<\/span><\/p>\n<address><span style=\"color: #ebeb10;\"><em><strong><span style=\"font-family: Arial, Helvetica, sans-serif;\">Christian Moser, im Juni 2012<\/span><\/strong><\/em><\/span><\/address>\n","protected":false},"excerpt":{"rendered":"<p>&#8230;Wir bieten \u00fcber 20 Jahre Berufserfahrung, gute Kundenkontakte, langfristige Auftr\u00e4ge, vielseitige Projekte, interdisziplin\u00e4re Zusammenarbeit mit verschiedenen Firmen und Technikern&#8230;<\/p>\n<p>Man m\u00f6chte meinen, es sei ein langer, steiler und steiniger Weg, um derartige &#8222;Pr\u00e4dikate&#8220; im curriculum vorweisen zu k\u00f6nnen.<br \/>\nDabei sind die 20 vergangenen Jahre wahnsinnig schnell vergangen und mir noch so gut im Ged\u00e4chtnis geblieben.<br \/>\nAngefangen mit dem Abschluss des Architekturstudiums, mit dem kurzzeitigen Praktikum bei Arch. Christian Mahlknecht am Domplatz und schlie\u00dflich mit dem fr\u00fchen Sprung in die Selbst\u00e4ndigkeit &#8211; ausgel\u00f6st durch den Gewinn des Planungswettbewerbes f\u00fcr das Dorfzentrum in Nals -, begann f\u00fcr mich das Abenteuer ARCHITEKT.<\/p>\n","protected":false},"author":1,"featured_media":1877,"comment_status":"open","ping_status":"closed","sticky":false,"template":"","format":"standard","meta":{"ngg_post_thumbnail":0,"_jetpack_memberships_contains_paid_content":false,"footnotes":""},"categories":[8],"tags":[],"class_list":["post-1631","post","type-post","status-publish","format-standard","has-post-thumbnail","hentry","category-personliches"],"jetpack_featured_media_url":"https:\/\/i0.wp.com\/arch-moser.it\/wp-content\/uploads\/2012\/04\/shapeimage_18.png?fit=314%2C172&ssl=1","jetpack_sharing_enabled":true,"_links":{"self":[{"href":"https:\/\/arch-moser.it\/de\/wp-json\/wp\/v2\/posts\/1631","targetHints":{"allow":["GET"]}}],"collection":[{"href":"https:\/\/arch-moser.it\/de\/wp-json\/wp\/v2\/posts"}],"about":[{"href":"https:\/\/arch-moser.it\/de\/wp-json\/wp\/v2\/types\/post"}],"author":[{"embeddable":true,"href":"https:\/\/arch-moser.it\/de\/wp-json\/wp\/v2\/users\/1"}],"replies":[{"embeddable":true,"href":"https:\/\/arch-moser.it\/de\/wp-json\/wp\/v2\/comments?post=1631"}],"version-history":[{"count":41,"href":"https:\/\/arch-moser.it\/de\/wp-json\/wp\/v2\/posts\/1631\/revisions"}],"predecessor-version":[{"id":6105,"href":"https:\/\/arch-moser.it\/de\/wp-json\/wp\/v2\/posts\/1631\/revisions\/6105"}],"wp:featuredmedia":[{"embeddable":true,"href":"https:\/\/arch-moser.it\/de\/wp-json\/wp\/v2\/media\/1877"}],"wp:attachment":[{"href":"https:\/\/arch-moser.it\/de\/wp-json\/wp\/v2\/media?parent=1631"}],"wp:term":[{"taxonomy":"category","embeddable":true,"href":"https:\/\/arch-moser.it\/de\/wp-json\/wp\/v2\/categories?post=1631"},{"taxonomy":"post_tag","embeddable":true,"href":"https:\/\/arch-moser.it\/de\/wp-json\/wp\/v2\/tags?post=1631"}],"curies":[{"name":"wp","href":"https:\/\/api.w.org\/{rel}","templated":true}]}}